{"id":76043,"date":"2018-12-10T12:55:17","date_gmt":"2018-12-10T15:55:17","guid":{"rendered":"http:\/\/www.caririemacao.com\/1\/?p=76043"},"modified":"2018-12-10T12:55:17","modified_gmt":"2018-12-10T15:55:17","slug":"nao-havera-aumento-da-carga-tributaria-na-paraiba-afirma-novo-secretario","status":"publish","type":"post","link":"https:\/\/www.caririemacao.com\/1\/2018\/12\/10\/nao-havera-aumento-da-carga-tributaria-na-paraiba-afirma-novo-secretario\/","title":{"rendered":"N\u00e3o haver\u00e1 aumento da carga tribut\u00e1ria na Para\u00edba, afirma novo secret\u00e1rio"},"content":{"rendered":"<p>O delegado da Receita Federal na Para\u00edba, Marialvo Laureano, que j\u00e1 exerceu o cargo de secret\u00e1rio da Receita Estadual na primeira gest\u00e3o de Ricardo Coutinho, volta a ocupar o cargo, agora no governo de Jo\u00e3o Azev\u00eado, com o objetivo de dar continuidade ao projeto do PSB na Para\u00edba.<\/p>\n<div id=\"attachment_536233\" class=\"wp-caption aligncenter\"><img decoding=\"async\" class=\"wp-image-536233 size-full lazyload\" data-src=\"https:\/\/paraibaonline.com.br\/wp-content\/uploads\/2018\/12\/marialvo-laureano1012.jpg\" data-srcset=\"https:\/\/paraibaonline.com.br\/wp-content\/uploads\/2018\/12\/marialvo-laureano1012.jpg 1024w, https:\/\/paraibaonline.com.br\/wp-content\/uploads\/2018\/12\/marialvo-laureano1012-567x405.jpg 567w, https:\/\/paraibaonline.com.br\/wp-content\/uploads\/2018\/12\/marialvo-laureano1012-900x643.jpg 900w\" alt=\"Foto: Secom\/PB\" src=\"data:image\/svg+xml;base64,PHN2ZyB3aWR0aD0iMSIgaGVpZ2h0PSIxIiB4bWxucz0iaHR0cDovL3d3dy53My5vcmcvMjAwMC9zdmciPjwvc3ZnPg==\" \/><\/p>\n<p class=\"wp-caption-text\">Foto: Secom\/PB<\/p>\n<\/div>\n<p>O secret\u00e1rio disse que ter\u00e1 como meta manter a pol\u00edtica de n\u00e3o elevar as taxas tribut\u00e1rias no Estado, bem como promover benef\u00edcios \u00e0s pequenas empresas paraibanas.<\/p>\n<p>\u201cA nossa pol\u00edtica vai ser de n\u00e3o aumento da carga tribut\u00e1ria, isso a\u00ed com certeza ser\u00e1 uma de nossas metas. N\u00e3o vamos aumentar a carga tribut\u00e1ria e vamos, sim, trabalhar para que quem tem um faturamento menor de empresas menores, como j\u00e1 \u00e9 feito dessa forma no governo Ricardo, para que possam pagar menos impostos\u201d, assegurou.<\/p>\n<p>&nbsp;<\/p>\n<p>Secom<\/p>\n","protected":false},"excerpt":{"rendered":"<p>O delegado da Receita Federal na Para\u00edba, Marialvo Laureano, que j\u00e1 exerceu o cargo de secret\u00e1rio da Receita Estadual na primeira gest\u00e3o de Ricardo Coutinho,&hellip; <\/p>\n","protected":false},"author":1,"featured_media":76047,"comment_status":"closed","ping_status":"closed","sticky":false,"template":"","format":"standard","meta":{"sfsi_plus_gutenberg_text_before_share":"","sfsi_plus_gutenberg_show_text_before_share":"","sfsi_plus_gutenberg_icon_type":"","sfsi_plus_gutenberg_icon_alignemt":"","sfsi_plus_gutenburg_max_per_row":"","footnotes":""},"categories":[11],"tags":[],"class_list":["post-76043","post","type-post","status-publish","format-standard","has-post-thumbnail","hentry","category-politica"],"_links":{"self":[{"href":"https:\/\/www.caririemacao.com\/1\/wp-json\/wp\/v2\/posts\/76043","targetHints":{"allow":["GET"]}}],"collection":[{"href":"https:\/\/www.caririemacao.com\/1\/wp-json\/wp\/v2\/posts"}],"about":[{"href":"https:\/\/www.caririemacao.com\/1\/wp-json\/wp\/v2\/types\/post"}],"author":[{"embeddable":true,"href":"https:\/\/www.caririemacao.com\/1\/wp-json\/wp\/v2\/users\/1"}],"replies":[{"embeddable":true,"href":"https:\/\/www.caririemacao.com\/1\/wp-json\/wp\/v2\/comments?post=76043"}],"version-history":[{"count":1,"href":"https:\/\/www.caririemacao.com\/1\/wp-json\/wp\/v2\/posts\/76043\/revisions"}],"predecessor-version":[{"id":76048,"href":"https:\/\/www.caririemacao.com\/1\/wp-json\/wp\/v2\/posts\/76043\/revisions\/76048"}],"wp:featuredmedia":[{"embeddable":true,"href":"https:\/\/www.caririemacao.com\/1\/wp-json\/wp\/v2\/media\/76047"}],"wp:attachment":[{"href":"https:\/\/www.caririemacao.com\/1\/wp-json\/wp\/v2\/media?parent=76043"}],"wp:term":[{"taxonomy":"category","embeddable":true,"href":"https:\/\/www.caririemacao.com\/1\/wp-json\/wp\/v2\/categories?post=76043"},{"taxonomy":"post_tag","embeddable":true,"href":"https:\/\/www.caririemacao.com\/1\/wp-json\/wp\/v2\/tags?post=76043"}],"curies":[{"name":"wp","href":"https:\/\/api.w.org\/{rel}","templated":true}]}}