{"id":76050,"date":"2018-12-10T13:36:47","date_gmt":"2018-12-10T16:36:47","guid":{"rendered":"http:\/\/www.caririemacao.com\/1\/?p=76050"},"modified":"2018-12-10T13:36:47","modified_gmt":"2018-12-10T16:36:47","slug":"vice-campea-da-sao-silvestre-2002-atleta-brasileira-morre-aos-45-anos","status":"publish","type":"post","link":"https:\/\/www.caririemacao.com\/1\/2018\/12\/10\/vice-campea-da-sao-silvestre-2002-atleta-brasileira-morre-aos-45-anos\/","title":{"rendered":"Vice-campe\u00e3 da S\u00e3o Silvestre 2002, atleta brasileira morre aos 45 anos"},"content":{"rendered":"<p><!------------------->\u00a0\u00a0\u00a0\u00a0\u00a0\u00a0\u00a0<!--banner-editoria-->\u00a0\u00a0\u00a0\u00a0\u00a0\u00a0\u00a0<!------------------->\u00a0\u00a0\u00a0\u00a0\u00a0\u00a0\u00a0\u00a0\u00a0\u00a0\u00a0\u00a0\u00a0<!------------------->\u00a0\u00a0\u00a0\u00a0\u00a0\u00a0\u00a0<!-------fim--------->\u00a0\u00a0\u00a0\u00a0\u00a0\u00a0\u00a0<!------------------->\u00a0\u00a0\u00a0\u00a0\u00a0\u00a0\u00a0\u00a0\u00a0\u00a0\u00a0\u00a0<!--conte\u00fado--><\/p>\n<div class=\"content\">\n<p class=\"selectionShareable\">Adriana de Souza, um dos grandes nomes do atletismo brasileiro entre 1990 e os anos 2000, morreu neste domingo (9), v\u00edtima de uma embolia pulmonar. A atleta, de 45 anos, fez uma cirurgia no joelho na sexta-feira e j\u00e1 havia recebido alta, quando teve complica\u00e7\u00f5es que a levaram de volta ao hospital, em Cascavel, no Paran\u00e1, e sofreu uma parada cardiorrespirat\u00f3ria que tirou a vida de Adriana.<\/p>\n<div id=\"attachment_536291\" class=\"wp-caption aligncenter\"><img decoding=\"async\" class=\"wp-image-536291 size-full lazyload\" data-src=\"https:\/\/paraibaonline.com.br\/wp-content\/uploads\/2018\/12\/adriana-souza1012.jpg\" data-srcset=\"https:\/\/paraibaonline.com.br\/wp-content\/uploads\/2018\/12\/adriana-souza1012.jpg 1024w, https:\/\/paraibaonline.com.br\/wp-content\/uploads\/2018\/12\/adriana-souza1012-567x379.jpg 567w, https:\/\/paraibaonline.com.br\/wp-content\/uploads\/2018\/12\/adriana-souza1012-900x602.jpg 900w\" alt=\"Foto: Divulga\u00e7\u00e3o\" src=\"data:image\/svg+xml;base64,PHN2ZyB3aWR0aD0iMSIgaGVpZ2h0PSIxIiB4bWxucz0iaHR0cDovL3d3dy53My5vcmcvMjAwMC9zdmciPjwvc3ZnPg==\" \/><\/p>\n<p class=\"wp-caption-text\">Foto: Divulga\u00e7\u00e3o<\/p>\n<\/div>\n<p class=\"selectionShareable\">Com resultados importantes na S\u00e3o Silvestre, ela subiu ao p\u00f3dio tr\u00eas anos seguidos: 2000, 2001 e 2002. Nesta \u00faltima edi\u00e7\u00e3o, ela foi a vice-campe\u00e3. Nas provas de cross country venceu v\u00e1rias vezes a Copa Brasil e foi campe\u00e3 sul-americana em 2000 e 2002.<\/p>\n<p class=\"selectionShareable\">Adriana chegou a postar em seu instagram pessoal uma foto de sua recupera\u00e7\u00e3o pouco antes de sua morte. A Confedera\u00e7\u00e3o Brasileira de Atletismo e alguns atletas se manifestaram lamentando a perda da ex-corredora.<\/p>\n<\/div>\n<p>&nbsp;<\/p>\n<p>Gazeta.Net<\/p>\n","protected":false},"excerpt":{"rendered":"<p>\u00a0\u00a0\u00a0\u00a0\u00a0\u00a0\u00a0\u00a0\u00a0\u00a0\u00a0\u00a0\u00a0\u00a0\u00a0\u00a0\u00a0\u00a0\u00a0\u00a0\u00a0\u00a0\u00a0\u00a0\u00a0\u00a0\u00a0\u00a0\u00a0\u00a0\u00a0\u00a0\u00a0\u00a0\u00a0\u00a0\u00a0\u00a0\u00a0\u00a0\u00a0\u00a0\u00a0\u00a0\u00a0\u00a0\u00a0\u00a0\u00a0\u00a0\u00a0\u00a0\u00a0 Adriana de Souza, um dos grandes nomes do atletismo brasileiro entre 1990 e os anos 2000, morreu neste domingo (9), v\u00edtima de uma embolia&hellip; <\/p>\n","protected":false},"author":1,"featured_media":76051,"comment_status":"closed","ping_status":"closed","sticky":false,"template":"","format":"standard","meta":{"sfsi_plus_gutenberg_text_before_share":"","sfsi_plus_gutenberg_show_text_before_share":"","sfsi_plus_gutenberg_icon_type":"","sfsi_plus_gutenberg_icon_alignemt":"","sfsi_plus_gutenburg_max_per_row":"","footnotes":""},"categories":[13],"tags":[],"class_list":["post-76050","post","type-post","status-publish","format-standard","has-post-thumbnail","hentry","category-esportes"],"_links":{"self":[{"href":"https:\/\/www.caririemacao.com\/1\/wp-json\/wp\/v2\/posts\/76050","targetHints":{"allow":["GET"]}}],"collection":[{"href":"https:\/\/www.caririemacao.com\/1\/wp-json\/wp\/v2\/posts"}],"about":[{"href":"https:\/\/www.caririemacao.com\/1\/wp-json\/wp\/v2\/types\/post"}],"author":[{"embeddable":true,"href":"https:\/\/www.caririemacao.com\/1\/wp-json\/wp\/v2\/users\/1"}],"replies":[{"embeddable":true,"href":"https:\/\/www.caririemacao.com\/1\/wp-json\/wp\/v2\/comments?post=76050"}],"version-history":[{"count":1,"href":"https:\/\/www.caririemacao.com\/1\/wp-json\/wp\/v2\/posts\/76050\/revisions"}],"predecessor-version":[{"id":76052,"href":"https:\/\/www.caririemacao.com\/1\/wp-json\/wp\/v2\/posts\/76050\/revisions\/76052"}],"wp:featuredmedia":[{"embeddable":true,"href":"https:\/\/www.caririemacao.com\/1\/wp-json\/wp\/v2\/media\/76051"}],"wp:attachment":[{"href":"https:\/\/www.caririemacao.com\/1\/wp-json\/wp\/v2\/media?parent=76050"}],"wp:term":[{"taxonomy":"category","embeddable":true,"href":"https:\/\/www.caririemacao.com\/1\/wp-json\/wp\/v2\/categories?post=76050"},{"taxonomy":"post_tag","embeddable":true,"href":"https:\/\/www.caririemacao.com\/1\/wp-json\/wp\/v2\/tags?post=76050"}],"curies":[{"name":"wp","href":"https:\/\/api.w.org\/{rel}","templated":true}]}}