{"id":76056,"date":"2018-12-10T13:42:06","date_gmt":"2018-12-10T16:42:06","guid":{"rendered":"http:\/\/www.caririemacao.com\/1\/?p=76056"},"modified":"2018-12-10T13:42:06","modified_gmt":"2018-12-10T16:42:06","slug":"ricardo-coutinho-e-cotado-para-comandar-fundacao-do-psb-com-sede-em-brasilia-diz-o-antagonista","status":"publish","type":"post","link":"https:\/\/www.caririemacao.com\/1\/2018\/12\/10\/ricardo-coutinho-e-cotado-para-comandar-fundacao-do-psb-com-sede-em-brasilia-diz-o-antagonista\/","title":{"rendered":"Ricardo Coutinho \u00e9 cotado para comandar funda\u00e7\u00e3o do PSB com sede em Bras\u00edlia, diz O Antagonista"},"content":{"rendered":"<p>Ricardo Coutinho dever\u00e1 assumir a presid\u00eancia da Funda\u00e7\u00e3o Jo\u00e3o Mangabeira, criada pelo PSB na d\u00e9cada de 90, de acordo com informa\u00e7\u00f5es do site O Antagonista. Sem mandato a partir do ano que vem, o comando da funda\u00e7\u00e3o garante a Ricardo Coutinho um posto pol\u00edtico.<\/p>\n<p>Atualmente o diretor presidente da Funda\u00e7\u00e3o Jo\u00e3o Mangabeira \u00e9 Alexandre Navarro. Ricardo Coutinho decidiu n\u00e3o concorrer a nenhum cargo nas \u00faltimas elei\u00e7\u00f5es depois de cumprir dois mandatos consecutivos na Prefeitura de Jo\u00e3o Pessoa e outros dois mandatos no Governo do Estado.<\/p>\n<p>A Funda\u00e7\u00e3o Jo\u00e3o Mangabeira tem sede em Bras\u00edlia e \u00e9 uma entidade sem fins lucrativos, que tem como miss\u00e3o a forma\u00e7\u00e3o pol\u00edtica e a formula\u00e7\u00e3o de pol\u00edticas p\u00fablicas socialistas.<\/p>\n<p>A Funda\u00e7\u00e3o foi criada com o objetivo de consolidar, aprofundar, difundir e construir o socialismo democr\u00e1tico, na atual fase em que o fracasso da experi\u00eancia sovi\u00e9tica e a arrog\u00e2ncia da globaliza\u00e7\u00e3o neoliberal deixam perplexas todas as pessoas que acreditam e lutam por liberdade, democracia verdadeira, \u00e9tica, solidariedade, justi\u00e7a social, desenvolvimento sustent\u00e1vel e paz.<\/p>\n","protected":false},"excerpt":{"rendered":"<p>Ricardo Coutinho dever\u00e1 assumir a presid\u00eancia da Funda\u00e7\u00e3o Jo\u00e3o Mangabeira, criada pelo PSB na d\u00e9cada de 90, de acordo com informa\u00e7\u00f5es do site O Antagonista.&hellip; <\/p>\n","protected":false},"author":1,"featured_media":51753,"comment_status":"closed","ping_status":"closed","sticky":false,"template":"","format":"standard","meta":{"sfsi_plus_gutenberg_text_before_share":"","sfsi_plus_gutenberg_show_text_before_share":"","sfsi_plus_gutenberg_icon_type":"","sfsi_plus_gutenberg_icon_alignemt":"","sfsi_plus_gutenburg_max_per_row":"","footnotes":""},"categories":[11],"tags":[],"class_list":["post-76056","post","type-post","status-publish","format-standard","has-post-thumbnail","hentry","category-politica"],"_links":{"self":[{"href":"https:\/\/www.caririemacao.com\/1\/wp-json\/wp\/v2\/posts\/76056","targetHints":{"allow":["GET"]}}],"collection":[{"href":"https:\/\/www.caririemacao.com\/1\/wp-json\/wp\/v2\/posts"}],"about":[{"href":"https:\/\/www.caririemacao.com\/1\/wp-json\/wp\/v2\/types\/post"}],"author":[{"embeddable":true,"href":"https:\/\/www.caririemacao.com\/1\/wp-json\/wp\/v2\/users\/1"}],"replies":[{"embeddable":true,"href":"https:\/\/www.caririemacao.com\/1\/wp-json\/wp\/v2\/comments?post=76056"}],"version-history":[{"count":1,"href":"https:\/\/www.caririemacao.com\/1\/wp-json\/wp\/v2\/posts\/76056\/revisions"}],"predecessor-version":[{"id":76061,"href":"https:\/\/www.caririemacao.com\/1\/wp-json\/wp\/v2\/posts\/76056\/revisions\/76061"}],"wp:featuredmedia":[{"embeddable":true,"href":"https:\/\/www.caririemacao.com\/1\/wp-json\/wp\/v2\/media\/51753"}],"wp:attachment":[{"href":"https:\/\/www.caririemacao.com\/1\/wp-json\/wp\/v2\/media?parent=76056"}],"wp:term":[{"taxonomy":"category","embeddable":true,"href":"https:\/\/www.caririemacao.com\/1\/wp-json\/wp\/v2\/categories?post=76056"},{"taxonomy":"post_tag","embeddable":true,"href":"https:\/\/www.caririemacao.com\/1\/wp-json\/wp\/v2\/tags?post=76056"}],"curies":[{"name":"wp","href":"https:\/\/api.w.org\/{rel}","templated":true}]}}