{"id":76062,"date":"2018-12-10T13:45:24","date_gmt":"2018-12-10T16:45:24","guid":{"rendered":"http:\/\/www.caririemacao.com\/1\/?p=76062"},"modified":"2018-12-10T13:45:24","modified_gmt":"2018-12-10T16:45:24","slug":"paraiba-esta-fora-da-lista-dos-estados-que-terminarao-o-ano-no-vermelho","status":"publish","type":"post","link":"https:\/\/www.caririemacao.com\/1\/2018\/12\/10\/paraiba-esta-fora-da-lista-dos-estados-que-terminarao-o-ano-no-vermelho\/","title":{"rendered":"Para\u00edba est\u00e1 fora da lista dos estados que terminar\u00e3o o ano no &#8216;vermelho&#8217;"},"content":{"rendered":"<p>O Estad\u00e3o <a href=\"https:\/\/economia.estadao.com.br\/noticias\/geral,11-governadores-podem-deixar-estados-sem-caixa,70002639554\" target=\"true\">publicou um levantamento realizado<\/a> em que os governadores de 11 estados podem deixar o mandato com despesas em aberto. Apesar de at\u00e9 hoje ningu\u00e9m ter sido responsabilizado por formalmente, por terminar mandatos de governo e deixar o Estado em vermelho, a pr\u00e1tica \u00e9 vedada pela\u00a0Lei de Responsabilidade Fiscal (LRF) e criminalizada no C\u00f3digo Penal.<\/p>\n<p>De acordo com a LRF os governadores precisam pagar todas as despesas realizadas durante seu mandato, ou deixar caixa para que seu sucessor possa quitar suas parcelas.<\/p>\n<p>A reportagem realizou consulta a t\u00e9cnicos do Tesouro Nacional para que fosse comparado com os dados fornecidos pelos Estados ao Minist\u00e9rio da Fazenda. Com isso, foi estimado o volume das despesas deste ano que ficar\u00e1 para o pr\u00f3ximo governador.<\/p>\n<p>Ainda de acordo com a reportagem os sucessores dos governos de Goi\u00e1s,\u00a0Maranh\u00e3o, Mato Grosso, Mato Grosso do Sul, Minas Gerais, Pernambuco, Rio de Janeiro, Rio Grande do Sul e Sergipe, entrar\u00e3o seus mandatos com o caixa em vermelho. J\u00e1 a Para\u00edba apresenta saldo positivo em caixa.<\/p>\n<p><strong>Confira a situa\u00e7\u00e3o dos caixas dos Estados<\/strong><\/p>\n<figure><img decoding=\"async\" data-src=\"https:\/\/www.clickpb.com.br\/media\/filer_public\/26\/6e\/266e24c8-9c95-4071-8d02-0cb8a221bda7\/levantamento_do_estadao.jpg\" data-image=\"108484\" src=\"data:image\/svg+xml;base64,PHN2ZyB3aWR0aD0iMSIgaGVpZ2h0PSIxIiB4bWxucz0iaHR0cDovL3d3dy53My5vcmcvMjAwMC9zdmciPjwvc3ZnPg==\" class=\"lazyload\" \/><\/figure>\n<pre>Levantamento do Estad\u00e3o<\/pre>\n","protected":false},"excerpt":{"rendered":"<p>O Estad\u00e3o publicou um levantamento realizado em que os governadores de 11 estados podem deixar o mandato com despesas em aberto. Apesar de at\u00e9 hoje&hellip; <\/p>\n","protected":false},"author":1,"featured_media":76063,"comment_status":"closed","ping_status":"closed","sticky":false,"template":"","format":"standard","meta":{"sfsi_plus_gutenberg_text_before_share":"","sfsi_plus_gutenberg_show_text_before_share":"","sfsi_plus_gutenberg_icon_type":"","sfsi_plus_gutenberg_icon_alignemt":"","sfsi_plus_gutenburg_max_per_row":"","footnotes":""},"categories":[50,11],"tags":[],"class_list":["post-76062","post","type-post","status-publish","format-standard","has-post-thumbnail","hentry","category-destaque","category-politica"],"_links":{"self":[{"href":"https:\/\/www.caririemacao.com\/1\/wp-json\/wp\/v2\/posts\/76062","targetHints":{"allow":["GET"]}}],"collection":[{"href":"https:\/\/www.caririemacao.com\/1\/wp-json\/wp\/v2\/posts"}],"about":[{"href":"https:\/\/www.caririemacao.com\/1\/wp-json\/wp\/v2\/types\/post"}],"author":[{"embeddable":true,"href":"https:\/\/www.caririemacao.com\/1\/wp-json\/wp\/v2\/users\/1"}],"replies":[{"embeddable":true,"href":"https:\/\/www.caririemacao.com\/1\/wp-json\/wp\/v2\/comments?post=76062"}],"version-history":[{"count":1,"href":"https:\/\/www.caririemacao.com\/1\/wp-json\/wp\/v2\/posts\/76062\/revisions"}],"predecessor-version":[{"id":76064,"href":"https:\/\/www.caririemacao.com\/1\/wp-json\/wp\/v2\/posts\/76062\/revisions\/76064"}],"wp:featuredmedia":[{"embeddable":true,"href":"https:\/\/www.caririemacao.com\/1\/wp-json\/wp\/v2\/media\/76063"}],"wp:attachment":[{"href":"https:\/\/www.caririemacao.com\/1\/wp-json\/wp\/v2\/media?parent=76062"}],"wp:term":[{"taxonomy":"category","embeddable":true,"href":"https:\/\/www.caririemacao.com\/1\/wp-json\/wp\/v2\/categories?post=76062"},{"taxonomy":"post_tag","embeddable":true,"href":"https:\/\/www.caririemacao.com\/1\/wp-json\/wp\/v2\/tags?post=76062"}],"curies":[{"name":"wp","href":"https:\/\/api.w.org\/{rel}","templated":true}]}}