{"id":76065,"date":"2018-12-10T13:54:59","date_gmt":"2018-12-10T16:54:59","guid":{"rendered":"http:\/\/www.caririemacao.com\/1\/?p=76065"},"modified":"2018-12-10T13:54:59","modified_gmt":"2018-12-10T16:54:59","slug":"governo-da-pb-celebra-70-anos-dos-direitos-humanos-e-sanciona-lei-da-escola-sem-censura","status":"publish","type":"post","link":"https:\/\/www.caririemacao.com\/1\/2018\/12\/10\/governo-da-pb-celebra-70-anos-dos-direitos-humanos-e-sanciona-lei-da-escola-sem-censura\/","title":{"rendered":"Governo da PB celebra 70 anos dos Direitos Humanos e sanciona lei da \u2018Escola Sem Censura\u2019"},"content":{"rendered":"<p>O Governo do Estado realiza nesta segunda-feira (10), \u00e0s 16h, no Teatro Paulo Pontes do Espa\u00e7o Cultural, o ato solene A Para\u00edba pelos Direitos Humanos, para celebrar os 70 anos da Declara\u00e7\u00e3o Universal dos Direitos Humanos.<\/p>\n<p>Durante a ocasi\u00e3o, ser\u00e3o homenageadas com a Medalha da Liberdade a ex-prefeita de S\u00e3o Paulo, a paraibana Luiza Erundina, a l\u00edder camponesa Elizabeth Teixeira e a vereadora Marielle Franco (in memorian), assassinada em mar\u00e7o deste ano no Rio de Janeiro.<\/p>\n<p>&nbsp;<\/p>\n<p>Durante a cerim\u00f4nia, o governador Ricardo Coutinho sancionar\u00e1 a Lei da \u2018Escola Sem Censura\u2019 e assinar\u00e1 atos contra a tortura.<\/p>\n","protected":false},"excerpt":{"rendered":"<p>O Governo do Estado realiza nesta segunda-feira (10), \u00e0s 16h, no Teatro Paulo Pontes do Espa\u00e7o Cultural, o ato solene A Para\u00edba pelos Direitos Humanos,&hellip; <\/p>\n","protected":false},"author":1,"featured_media":70692,"comment_status":"closed","ping_status":"closed","sticky":false,"template":"","format":"standard","meta":{"sfsi_plus_gutenberg_text_before_share":"","sfsi_plus_gutenberg_show_text_before_share":"","sfsi_plus_gutenberg_icon_type":"","sfsi_plus_gutenberg_icon_alignemt":"","sfsi_plus_gutenburg_max_per_row":"","footnotes":""},"categories":[14],"tags":[],"class_list":["post-76065","post","type-post","status-publish","format-standard","has-post-thumbnail","hentry","category-educacao"],"_links":{"self":[{"href":"https:\/\/www.caririemacao.com\/1\/wp-json\/wp\/v2\/posts\/76065","targetHints":{"allow":["GET"]}}],"collection":[{"href":"https:\/\/www.caririemacao.com\/1\/wp-json\/wp\/v2\/posts"}],"about":[{"href":"https:\/\/www.caririemacao.com\/1\/wp-json\/wp\/v2\/types\/post"}],"author":[{"embeddable":true,"href":"https:\/\/www.caririemacao.com\/1\/wp-json\/wp\/v2\/users\/1"}],"replies":[{"embeddable":true,"href":"https:\/\/www.caririemacao.com\/1\/wp-json\/wp\/v2\/comments?post=76065"}],"version-history":[{"count":1,"href":"https:\/\/www.caririemacao.com\/1\/wp-json\/wp\/v2\/posts\/76065\/revisions"}],"predecessor-version":[{"id":76066,"href":"https:\/\/www.caririemacao.com\/1\/wp-json\/wp\/v2\/posts\/76065\/revisions\/76066"}],"wp:featuredmedia":[{"embeddable":true,"href":"https:\/\/www.caririemacao.com\/1\/wp-json\/wp\/v2\/media\/70692"}],"wp:attachment":[{"href":"https:\/\/www.caririemacao.com\/1\/wp-json\/wp\/v2\/media?parent=76065"}],"wp:term":[{"taxonomy":"category","embeddable":true,"href":"https:\/\/www.caririemacao.com\/1\/wp-json\/wp\/v2\/categories?post=76065"},{"taxonomy":"post_tag","embeddable":true,"href":"https:\/\/www.caririemacao.com\/1\/wp-json\/wp\/v2\/tags?post=76065"}],"curies":[{"name":"wp","href":"https:\/\/api.w.org\/{rel}","templated":true}]}}