{"id":76067,"date":"2018-12-10T13:57:08","date_gmt":"2018-12-10T16:57:08","guid":{"rendered":"http:\/\/www.caririemacao.com\/1\/?p=76067"},"modified":"2018-12-10T13:57:08","modified_gmt":"2018-12-10T16:57:08","slug":"nota-conjunta-raquel-dodge-e-jose-godoy-repudiam-assassinato-de-sem-terras-na-paraiba","status":"publish","type":"post","link":"https:\/\/www.caririemacao.com\/1\/2018\/12\/10\/nota-conjunta-raquel-dodge-e-jose-godoy-repudiam-assassinato-de-sem-terras-na-paraiba\/","title":{"rendered":"NOTA CONJUNTA: Raquel Dodge e Jos\u00e9 Godoy repudiam assassinato de sem terras na Para\u00edba"},"content":{"rendered":"<p>Em nota conjunta lan\u00e7ada ainda no domingo (9), a Procuradoria Geral da Rep\u00fablica (PGR), comandada por Raquel Dodge; a Procuradoria Federal dos Direitos do Cidad\u00e3o (PFDC), sob a titularidade de Deborah Duprat; e a Procuradoria Regional dos Direitos do Cidad\u00e3o na Para\u00edba (PRDC\/PB), liderada pelo promotor Jos\u00e9 Godoy, prestaram solidariedade \u00e0s fam\u00edlias dos sem terras mortos no \u00faltimo s\u00e1bado (8) em assentamento do munic\u00edpio de Alhandra.<\/p>\n<p>Os \u00f3rg\u00e3os vinculados ao Minist\u00e9rio P\u00fablico Federal (MPF) ainda se comprometeram de realizar esfor\u00e7os aos \u00f3rg\u00e3os de investiga\u00e7\u00e3o para chegar \u00e0 autoria do duplo homic\u00eddio.<\/p>\n<p><strong>Leia a nota conjunta:<\/strong><\/p>\n<p><em>A Procuradoria Geral da Rep\u00fablica (PGR), a Procuradoria Federal dos Direitos do Cidad\u00e3o (PFDC) e a Procuradoria Regional dos Direitos do Cidad\u00e3o na Para\u00edba (PRDC\/PB), \u00f3rg\u00e3os do Minist\u00e9rio P\u00fablico Federal, v\u00eam a p\u00fablico manifestar solidariedade \u00e0s fam\u00edlias de Jos\u00e9 Bernardo da Silva, conhecido como Orlando Bernardo, e Rodrigo Celestino, brutalmente assassinados na noite do s\u00e1bado, 8 de dezembro de 2018. As duas v\u00edtimas eram militantes do Movimento dos Trabalhadores Rurais Sem Terra (MST) na Para\u00edba e foram mortos no Acampamento Dom Jos\u00e9 Maria Pires, localizado no munic\u00edpio de Alhandra, na regi\u00e3o sul do estado.<\/em><\/p>\n<p><em>Orlando era irm\u00e3o do coordenador do Movimento dos Atingidos por Barragens na Para\u00edba (MAB\/PB), Osvaldo Bernardo, que tamb\u00e9m integra a coordena\u00e7\u00e3o nacional do MAB. Desde o in\u00edcio da d\u00e9cada, o Minist\u00e9rio P\u00fablico Federal, atrav\u00e9s da Procuradoria Regional dos Direitos do Cidad\u00e3o, atua em defesa dos direitos humanos das pessoas atingidas pela constru\u00e7\u00e3o da barragem de Acau\u00e3, constru\u00edda no final dos anos 90, no Agreste paraibano.<\/em><\/p>\n<p><em>Orlando \u00e9 o segundo irm\u00e3o de Osvaldo Bernardo a ser morto por execu\u00e7\u00e3o. O primeiro, Odilon Bernardo da Silva Filho, que tamb\u00e9m integrava a coordena\u00e7\u00e3o do MAB de Acau\u00e3, foi assassinado em 2009, aos 33 anos, numa emboscada, \u00e0 noite, quando voltava para sua resid\u00eancia, depois de um encontro com amigos e militantes do MAB.<\/em><\/p>\n<p><em>Ap\u00f3s a morte de Odilon, Osvaldo entrou para o programa de prote\u00e7\u00e3o aos defensores dos direitos humanos. Agora, a dois dias da comemora\u00e7\u00e3o dos 70 anos da Declara\u00e7\u00e3o Universal dos Direitos Humanos (DUDH), mais um irm\u00e3o de Osvaldo \u00e9 assassinado, fato que preocupa diante do contexto sombrio de viol\u00eancia contra os movimentos sociais e demonstra qu\u00e3o distante ainda estamos da efetiva\u00e7\u00e3o dos direitos garantidos pela Declara\u00e7\u00e3o.<\/em><\/p>\n<p><em>Diante desse quadro, a PGR, a PFDC e a PRDC\/PB reiteram o compromisso com a prote\u00e7\u00e3o dos direitos humanos dos assentados e envidar\u00e3o todos os esfor\u00e7os perante os \u00f3rg\u00e3os de investiga\u00e7\u00e3o para que a autoria do duplo assassinato seja esclarecida e os respons\u00e1veis punidos conforme a lei.<\/em><\/p>\n<p><em>Raquel Dodge<\/em><\/p>\n<p><em>Procuradora-Geral da Rep\u00fablica<\/em><\/p>\n<p><em>Deborah Duprat<\/em><\/p>\n<p><em>Procuradora Federal dos Direitos do Cidad\u00e3o<\/em><\/p>\n<p><em>\u00a0Jos\u00e9 Godoy<\/em><\/p>\n<p><em>Procurador Regional dos Direitos do Cidad\u00e3o<\/em><\/p>\n<p>&nbsp;<\/p>\n<p>Para\u00edba J\u00e1<\/p>\n","protected":false},"excerpt":{"rendered":"<p>Em nota conjunta lan\u00e7ada ainda no domingo (9), a Procuradoria Geral da Rep\u00fablica (PGR), comandada por Raquel Dodge; a Procuradoria Federal dos Direitos do Cidad\u00e3o&hellip; <\/p>\n","protected":false},"author":1,"featured_media":76068,"comment_status":"closed","ping_status":"closed","sticky":false,"template":"","format":"standard","meta":{"sfsi_plus_gutenberg_text_before_share":"","sfsi_plus_gutenberg_show_text_before_share":"","sfsi_plus_gutenberg_icon_type":"","sfsi_plus_gutenberg_icon_alignemt":"","sfsi_plus_gutenburg_max_per_row":"","footnotes":""},"categories":[11],"tags":[],"class_list":["post-76067","post","type-post","status-publish","format-standard","has-post-thumbnail","hentry","category-politica"],"_links":{"self":[{"href":"https:\/\/www.caririemacao.com\/1\/wp-json\/wp\/v2\/posts\/76067","targetHints":{"allow":["GET"]}}],"collection":[{"href":"https:\/\/www.caririemacao.com\/1\/wp-json\/wp\/v2\/posts"}],"about":[{"href":"https:\/\/www.caririemacao.com\/1\/wp-json\/wp\/v2\/types\/post"}],"author":[{"embeddable":true,"href":"https:\/\/www.caririemacao.com\/1\/wp-json\/wp\/v2\/users\/1"}],"replies":[{"embeddable":true,"href":"https:\/\/www.caririemacao.com\/1\/wp-json\/wp\/v2\/comments?post=76067"}],"version-history":[{"count":1,"href":"https:\/\/www.caririemacao.com\/1\/wp-json\/wp\/v2\/posts\/76067\/revisions"}],"predecessor-version":[{"id":76069,"href":"https:\/\/www.caririemacao.com\/1\/wp-json\/wp\/v2\/posts\/76067\/revisions\/76069"}],"wp:featuredmedia":[{"embeddable":true,"href":"https:\/\/www.caririemacao.com\/1\/wp-json\/wp\/v2\/media\/76068"}],"wp:attachment":[{"href":"https:\/\/www.caririemacao.com\/1\/wp-json\/wp\/v2\/media?parent=76067"}],"wp:term":[{"taxonomy":"category","embeddable":true,"href":"https:\/\/www.caririemacao.com\/1\/wp-json\/wp\/v2\/categories?post=76067"},{"taxonomy":"post_tag","embeddable":true,"href":"https:\/\/www.caririemacao.com\/1\/wp-json\/wp\/v2\/tags?post=76067"}],"curies":[{"name":"wp","href":"https:\/\/api.w.org\/{rel}","templated":true}]}}