{"id":76070,"date":"2018-12-10T13:59:03","date_gmt":"2018-12-10T16:59:03","guid":{"rendered":"http:\/\/www.caririemacao.com\/1\/?p=76070"},"modified":"2018-12-10T13:59:03","modified_gmt":"2018-12-10T16:59:03","slug":"isento-moro-diz-que-nao-cabe-a-ele-dar-explicacoes-sobre-movimentacao-financeira-do-ex-assessor-de-flavio-bolsonaro","status":"publish","type":"post","link":"https:\/\/www.caririemacao.com\/1\/2018\/12\/10\/isento-moro-diz-que-nao-cabe-a-ele-dar-explicacoes-sobre-movimentacao-financeira-do-ex-assessor-de-flavio-bolsonaro\/","title":{"rendered":"\u2018ISENTO\u2019: Moro diz que n\u00e3o cabe a ele dar explica\u00e7\u00f5es sobre movimenta\u00e7\u00e3o financeira do ex-assessor de Fl\u00e1vio Bolsonaro"},"content":{"rendered":"<p>O futuro ministro da Justi\u00e7a, Sergio Moro, disse hoje (10) que n\u00e3o cabe a ele dar explica\u00e7\u00f5es sobre relat\u00f3rio do Conselho de Controle de Atividades Financeiras (Coaf) a respeito de movimenta\u00e7\u00e3o financeira at\u00edpica de um ex-assessor do deputado estadual e senador eleito Fl\u00e1vio Bolsonaro (PSL-SP), filho do presidente eleito, Jair Bolsonaro.<\/p>\n<p>\u201cO que existia no passado de ministro da Justi\u00e7a opinando sobre casos concretos \u00e9 inapropriado. Estes fatos t\u00eam que ser esclarecidos. O presidente j\u00e1 apresentou alguns esclarecimentos. Tem outras pessoas que precisam prestar os seus esclarecimentos. E o fatos, se n\u00e3o forem esclarecidos, t\u00eam que ser apurados. Eu n\u00e3o tenho como assumir esse papel\u201d, disse Moro, ap\u00f3s ser questionado sobre o relat\u00f3rio.<\/p>\n<p>Jair Bolsonaro disse que os\u00a0R$ 24 mil pagos em cheque\u00a0pelo ex-assessor Fabr\u00edcio Jos\u00e9 de Queiroz \u00e0 futura primeira-dama Michelle Bolsonaro referem-se \u00e0 quita\u00e7\u00e3o de uma d\u00edvida pessoal.<\/p>\n<p>\u201cEmprestei dinheiro para ele em outras oportunidades. Nessa \u00faltima agora, ele estava com um\u00a0problema financeiro\u00a0e uma d\u00edvida que ele tinha comigo se acumulou. N\u00e3o foram R$ 24 mil, foram R$ 40 mil. Se o\u00a0Coaf\u00a0quiser retroagir um pouquinho mais, vai chegar aos R$ 40 mil\u201d, disse a jornalistas.<\/p>\n<p>O relat\u00f3rio do Coaf, divulgado pelo jornal\u00a0O Estado de\u00a0 S\u00e3o Paulo, informa que o ex-assessor e policial militar Fabr\u00edcio Jos\u00e9 Carlos de Queiroz teria movimentado R$ 1,2 milh\u00e3o entre janeiro de 2016 e janeiro de 2017 \u2013 valores supostamente incompat\u00edveis com sua renda declarada. Uma das transa\u00e7\u00f5es seria um cheque de R$ 24 mil destinado \u00e0 futura primeira-dama, Michelle Bolsonaro.<\/p>\n<p>&nbsp;<\/p>\n<p>Ag\u00eancia Brasil<\/p>\n","protected":false},"excerpt":{"rendered":"<p>O futuro ministro da Justi\u00e7a, Sergio Moro, disse hoje (10) que n\u00e3o cabe a ele dar explica\u00e7\u00f5es sobre relat\u00f3rio do Conselho de Controle de Atividades&hellip; <\/p>\n","protected":false},"author":1,"featured_media":32301,"comment_status":"closed","ping_status":"closed","sticky":false,"template":"","format":"standard","meta":{"sfsi_plus_gutenberg_text_before_share":"","sfsi_plus_gutenberg_show_text_before_share":"","sfsi_plus_gutenberg_icon_type":"","sfsi_plus_gutenberg_icon_alignemt":"","sfsi_plus_gutenburg_max_per_row":"","footnotes":""},"categories":[11],"tags":[],"class_list":["post-76070","post","type-post","status-publish","format-standard","has-post-thumbnail","hentry","category-politica"],"_links":{"self":[{"href":"https:\/\/www.caririemacao.com\/1\/wp-json\/wp\/v2\/posts\/76070","targetHints":{"allow":["GET"]}}],"collection":[{"href":"https:\/\/www.caririemacao.com\/1\/wp-json\/wp\/v2\/posts"}],"about":[{"href":"https:\/\/www.caririemacao.com\/1\/wp-json\/wp\/v2\/types\/post"}],"author":[{"embeddable":true,"href":"https:\/\/www.caririemacao.com\/1\/wp-json\/wp\/v2\/users\/1"}],"replies":[{"embeddable":true,"href":"https:\/\/www.caririemacao.com\/1\/wp-json\/wp\/v2\/comments?post=76070"}],"version-history":[{"count":1,"href":"https:\/\/www.caririemacao.com\/1\/wp-json\/wp\/v2\/posts\/76070\/revisions"}],"predecessor-version":[{"id":76071,"href":"https:\/\/www.caririemacao.com\/1\/wp-json\/wp\/v2\/posts\/76070\/revisions\/76071"}],"wp:featuredmedia":[{"embeddable":true,"href":"https:\/\/www.caririemacao.com\/1\/wp-json\/wp\/v2\/media\/32301"}],"wp:attachment":[{"href":"https:\/\/www.caririemacao.com\/1\/wp-json\/wp\/v2\/media?parent=76070"}],"wp:term":[{"taxonomy":"category","embeddable":true,"href":"https:\/\/www.caririemacao.com\/1\/wp-json\/wp\/v2\/categories?post=76070"},{"taxonomy":"post_tag","embeddable":true,"href":"https:\/\/www.caririemacao.com\/1\/wp-json\/wp\/v2\/tags?post=76070"}],"curies":[{"name":"wp","href":"https:\/\/api.w.org\/{rel}","templated":true}]}}