{"id":76072,"date":"2018-12-10T14:03:28","date_gmt":"2018-12-10T17:03:28","guid":{"rendered":"http:\/\/www.caririemacao.com\/1\/?p=76072"},"modified":"2018-12-10T14:03:28","modified_gmt":"2018-12-10T17:03:28","slug":"intencao-de-investimentos-da-industria-cresce-44-pontos","status":"publish","type":"post","link":"https:\/\/www.caririemacao.com\/1\/2018\/12\/10\/intencao-de-investimentos-da-industria-cresce-44-pontos\/","title":{"rendered":"Inten\u00e7\u00e3o de investimentos da ind\u00fastria cresce 4,4 pontos"},"content":{"rendered":"<p>O Indicador de Inten\u00e7\u00e3o de Investimentos da Ind\u00fastria, medido pela <a href=\"http:\/\/www.polemicaparaiba.com.br\/ekonomy\/cesta-de-compras-para-renda-mais-baixa-fica-025-mais-barata\/\">Funda\u00e7\u00e3o Getulio Vargas (FGV)<\/a>, cresceu 4,4 pontos no quarto trimestre deste ano em rela\u00e7\u00e3o ao trimestre anterior. Com a alta,ele chegou a 117,4 pontos, o maior n\u00edvel desde o primeiro trimestre deste ano (123,7).<\/p>\n<p>Segundo a FGV, o indicador mede a dissemina\u00e7\u00e3o do \u00edmpeto de investimento entre as empresas industriais, colaborando para antecipar tend\u00eancias econ\u00f4micas.<\/p>\n<p>Esse trimestre tamb\u00e9m registrou o s\u00e9timo resultado consecutivo acima dos 100 pontos, n\u00edvel em que a propor\u00e7\u00e3o de empresas prevendo aumentar o volume de investimentos produtivos nos 12 meses seguintes supera o das que projetam reduzir os investimentos.<\/p>\n<p>A propor\u00e7\u00e3o de empresas que planejam investir mais cresceu de 28,3% no terceiro trimestre para 30,7% no quatro trimestre. Aquelas que preveem investir menos ca\u00edram de 15,3% para 13,3% no per\u00edodo.<\/p>\n<p>A propor\u00e7\u00e3o de empresas que est\u00e3o certas de que executar\u00e3o seu plano de investimentos foi de 31%, ficando acima da parcela de 25,9% de empresas incertas.<\/p>\n<p>Segundo o pesquisador da FGV Aloisio Campelo Jr., apesar da melhora, o indicador ainda est\u00e1 distante do n\u00edvel m\u00e9dio registrado nos dois anos anteriores \u00e0 recess\u00e3o de 2014-2016.<\/p>\n<p>Para ele, o resultado mostra que a recupera\u00e7\u00e3o dos investimentos deve seguir em rota moderada nos pr\u00f3ximos meses.<\/p>\n<p>\u201cEntre os fatores que impedem uma alta mais consistente do indicador est\u00e3o a persistente incerteza econ\u00f4mica e as d\u00favidas quanto ao ritmo da economia no primeiro ano do novo governo\u201d, finalizou.<\/p>\n<p>&nbsp;<\/p>\n<p>Ag\u00eancia Brasil<\/p>\n","protected":false},"excerpt":{"rendered":"<p>O Indicador de Inten\u00e7\u00e3o de Investimentos da Ind\u00fastria, medido pela Funda\u00e7\u00e3o Getulio Vargas (FGV), cresceu 4,4 pontos no quarto trimestre deste ano em rela\u00e7\u00e3o ao&hellip; <\/p>\n","protected":false},"author":1,"featured_media":76073,"comment_status":"closed","ping_status":"closed","sticky":false,"template":"","format":"standard","meta":{"sfsi_plus_gutenberg_text_before_share":"","sfsi_plus_gutenberg_show_text_before_share":"","sfsi_plus_gutenberg_icon_type":"","sfsi_plus_gutenberg_icon_alignemt":"","sfsi_plus_gutenburg_max_per_row":"","footnotes":""},"categories":[2],"tags":[],"class_list":["post-76072","post","type-post","status-publish","format-standard","has-post-thumbnail","hentry","category-geral"],"_links":{"self":[{"href":"https:\/\/www.caririemacao.com\/1\/wp-json\/wp\/v2\/posts\/76072","targetHints":{"allow":["GET"]}}],"collection":[{"href":"https:\/\/www.caririemacao.com\/1\/wp-json\/wp\/v2\/posts"}],"about":[{"href":"https:\/\/www.caririemacao.com\/1\/wp-json\/wp\/v2\/types\/post"}],"author":[{"embeddable":true,"href":"https:\/\/www.caririemacao.com\/1\/wp-json\/wp\/v2\/users\/1"}],"replies":[{"embeddable":true,"href":"https:\/\/www.caririemacao.com\/1\/wp-json\/wp\/v2\/comments?post=76072"}],"version-history":[{"count":1,"href":"https:\/\/www.caririemacao.com\/1\/wp-json\/wp\/v2\/posts\/76072\/revisions"}],"predecessor-version":[{"id":76074,"href":"https:\/\/www.caririemacao.com\/1\/wp-json\/wp\/v2\/posts\/76072\/revisions\/76074"}],"wp:featuredmedia":[{"embeddable":true,"href":"https:\/\/www.caririemacao.com\/1\/wp-json\/wp\/v2\/media\/76073"}],"wp:attachment":[{"href":"https:\/\/www.caririemacao.com\/1\/wp-json\/wp\/v2\/media?parent=76072"}],"wp:term":[{"taxonomy":"category","embeddable":true,"href":"https:\/\/www.caririemacao.com\/1\/wp-json\/wp\/v2\/categories?post=76072"},{"taxonomy":"post_tag","embeddable":true,"href":"https:\/\/www.caririemacao.com\/1\/wp-json\/wp\/v2\/tags?post=76072"}],"curies":[{"name":"wp","href":"https:\/\/api.w.org\/{rel}","templated":true}]}}