{"id":76077,"date":"2018-12-10T14:19:43","date_gmt":"2018-12-10T17:19:43","guid":{"rendered":"http:\/\/www.caririemacao.com\/1\/?p=76077"},"modified":"2018-12-10T14:19:43","modified_gmt":"2018-12-10T17:19:43","slug":"106-vagas-nao-foram-preenchidas-na-primeira-etapa-do-mais-medicos-diz-ministerio","status":"publish","type":"post","link":"https:\/\/www.caririemacao.com\/1\/2018\/12\/10\/106-vagas-nao-foram-preenchidas-na-primeira-etapa-do-mais-medicos-diz-ministerio\/","title":{"rendered":"106 vagas n\u00e3o foram preenchidas na primeira etapa do Mais M\u00e9dicos, diz minist\u00e9rio"},"content":{"rendered":"<p>Vagas est\u00e3o distribu\u00eddas em oito distritos ind\u00edgenas e 19 munic\u00edpios. Minist\u00e9rio da Sa\u00fade abriu nesta segunda (10) edital para inscri\u00e7\u00e3o de m\u00e9dicos formados no exterior, que podem se inscrever a partir de ter\u00e7a (11).<\/p>\n<p>Das 8.517 vagas disponibilizadas no edital da primeira etapa de sele\u00e7\u00e3o do Mais M\u00e9dicos, 106 n\u00e3o foram ocupadas, informou o Minist\u00e9rio da Sa\u00fade nesta segunda (10). Os lugares remanescentes est\u00e3o distribu\u00eddos entre oito distritos ind\u00edgenas e 19 munic\u00edpios \u2014 todos na regi\u00e3o Norte. O Amazonas \u00e9 o estado com mais vagas remanescentes: 88.<\/p>\n<p>Inicialmente, o Minist\u00e9rio da Sa\u00fade informou que 107 vagas n\u00e3o tiveram inscritos. Mais tarde, corrigiu a informa\u00e7\u00e3o para 106. A reportagem foi atualizada \u00e0s 12h06 (hor\u00e1rio de Bras\u00edlia).<\/p>\n<p>De acordo com o levantamento final, n\u00e3o houve interessados em um distrito ind\u00edgena (Dsei) \u2014 M\u00e9dio Purus, no Amazonas \u2014 e em outros dois munic\u00edpios: Terra Santa, no Par\u00e1, e Castanheiras, em Rond\u00f4nia.<\/p>\n<p>O Minist\u00e9rio da Sa\u00fade publicou nesta segunda (10) o edital para a segunda etapa de sele\u00e7\u00e3o de profissionais para o programa. Podem se inscrever, a partir desta ter\u00e7a (11), m\u00e9dicos com CRM no Brasil ou formados no exterior, mesmo sem revalidar o diploma.<\/p>\n<p>Foi aberta, no dia 20 de novembro, uma sele\u00e7\u00e3o de emerg\u00eancia para substituir os cubanos do Mais M\u00e9dicos. Os profissionais caribenhos tiveram que deixar os postos de trabalho ap\u00f3s a decis\u00e3o de Cuba de sair do programa. O pa\u00eds citou \u201crefer\u00eancias diretas, depreciativas e amea\u00e7adoras\u201d feitas pelo presidente eleito Jair Bolsonaro \u00e0 presen\u00e7a dos m\u00e9dicos cubanos no Brasil.<\/p>\n<p>Os m\u00e9dicos com CRM no Brasil puderam se inscrever at\u00e9 a \u00faltima sexta-feira (7). At\u00e9 o \u00faltimo balan\u00e7o do Minist\u00e9rio da Sa\u00fade, desta segunda-feira (10), o \u00f3rg\u00e3o havia recebido 36.490 inscri\u00e7\u00f5es no programa. Dessas, 8.411 foram efetivadas \u2014 os profissionais escolheram onde iriam atuar. Desses, pouco mais da metade \u2014 4.508 \u2014 j\u00e1 haviam se apresentado nos munic\u00edpios.<\/p>\n<p>Os m\u00e9dicos t\u00eam at\u00e9 14 de dezembro para se apresentarem \u00e0s prefeituras.<\/p>\n<p><strong>N\u00fameros<\/strong><\/p>\n<ul>\n<li>Quantas inscri\u00e7\u00f5es o Mais M\u00e9dicos recebeu? 36.490, segundo \u00faltimo balan\u00e7o (desta segunda, 10).<\/li>\n<li>Quantos profissionais escolheram a cidade onde iriam atuar? 8.411.<\/li>\n<li>Quantos se apresentaram nos munic\u00edpios? 4.508, at\u00e9 as 11h desta segunda (10).<\/li>\n<li>Qual o prazo final de apresenta\u00e7\u00e3o? 14 de dezembro.<\/li>\n<\/ul>\n<p><strong>Mais M\u00e9dicos<\/strong><\/p>\n<ul>\n<li>Foi criado em julho de 2013 para ampliar o atendimento m\u00e9dico principalmente em regi\u00f5es mais carentes.<\/li>\n<li>Em agosto de 2013, fechado acordo com a Opas para participa\u00e7\u00e3o de m\u00e9dicos cubanos.<\/li>\n<li>Participa\u00e7\u00e3o de brasileiros formados no Brasil aumentou 38% entre 2016 e 2017, de acordo com o Minist\u00e9rio da Sa\u00fade.<\/li>\n<li>Programa tem 18.240 vagas em mais de 4 mil munic\u00edpios e 34 Distritos Sanit\u00e1rios Especiais Ind\u00edgenas (DSEI).<\/li>\n<li>Atende cerca de 63 milh\u00f5es de brasileiros, de acordo com o Minist\u00e9rio da Sa\u00fade.<\/li>\n<li>Participa\u00e7\u00e3o de cubanos no programa tinha sido renovada no in\u00edcio deste ano por mais cinco anos.<\/li>\n<li>Levantamento do governo divulgado em 2016 apontou que o programa \u00e9 respons\u00e1vel por 48% das equipes de Aten\u00e7\u00e3o B\u00e1sica em munic\u00edpios com at\u00e9 10 mil habitantes.<\/li>\n<li>Em 1.100 munic\u00edpios atendido pelo programa, o Mais M\u00e9dicos representava 100% da cobertura de Aten\u00e7\u00e3o B\u00e1sica, de acordo com dados divulgados em 2016.<\/li>\n<\/ul>\n<p>G1<\/p>\n","protected":false},"excerpt":{"rendered":"<p>Vagas est\u00e3o distribu\u00eddas em oito distritos ind\u00edgenas e 19 munic\u00edpios. Minist\u00e9rio da Sa\u00fade abriu nesta segunda (10) edital para inscri\u00e7\u00e3o de m\u00e9dicos formados no exterior,&hellip; <\/p>\n","protected":false},"author":1,"featured_media":73850,"comment_status":"closed","ping_status":"closed","sticky":false,"template":"","format":"standard","meta":{"sfsi_plus_gutenberg_text_before_share":"","sfsi_plus_gutenberg_show_text_before_share":"","sfsi_plus_gutenberg_icon_type":"","sfsi_plus_gutenberg_icon_alignemt":"","sfsi_plus_gutenburg_max_per_row":"","footnotes":""},"categories":[16],"tags":[],"class_list":["post-76077","post","type-post","status-publish","format-standard","has-post-thumbnail","hentry","category-saude"],"_links":{"self":[{"href":"https:\/\/www.caririemacao.com\/1\/wp-json\/wp\/v2\/posts\/76077","targetHints":{"allow":["GET"]}}],"collection":[{"href":"https:\/\/www.caririemacao.com\/1\/wp-json\/wp\/v2\/posts"}],"about":[{"href":"https:\/\/www.caririemacao.com\/1\/wp-json\/wp\/v2\/types\/post"}],"author":[{"embeddable":true,"href":"https:\/\/www.caririemacao.com\/1\/wp-json\/wp\/v2\/users\/1"}],"replies":[{"embeddable":true,"href":"https:\/\/www.caririemacao.com\/1\/wp-json\/wp\/v2\/comments?post=76077"}],"version-history":[{"count":1,"href":"https:\/\/www.caririemacao.com\/1\/wp-json\/wp\/v2\/posts\/76077\/revisions"}],"predecessor-version":[{"id":76078,"href":"https:\/\/www.caririemacao.com\/1\/wp-json\/wp\/v2\/posts\/76077\/revisions\/76078"}],"wp:featuredmedia":[{"embeddable":true,"href":"https:\/\/www.caririemacao.com\/1\/wp-json\/wp\/v2\/media\/73850"}],"wp:attachment":[{"href":"https:\/\/www.caririemacao.com\/1\/wp-json\/wp\/v2\/media?parent=76077"}],"wp:term":[{"taxonomy":"category","embeddable":true,"href":"https:\/\/www.caririemacao.com\/1\/wp-json\/wp\/v2\/categories?post=76077"},{"taxonomy":"post_tag","embeddable":true,"href":"https:\/\/www.caririemacao.com\/1\/wp-json\/wp\/v2\/tags?post=76077"}],"curies":[{"name":"wp","href":"https:\/\/api.w.org\/{rel}","templated":true}]}}