{"id":76082,"date":"2018-12-10T14:26:28","date_gmt":"2018-12-10T17:26:28","guid":{"rendered":"http:\/\/www.caririemacao.com\/1\/?p=76082"},"modified":"2018-12-10T14:26:28","modified_gmt":"2018-12-10T17:26:28","slug":"homem-agride-cachorro-e-e-detido-no-sertao-paraibano","status":"publish","type":"post","link":"https:\/\/www.caririemacao.com\/1\/2018\/12\/10\/homem-agride-cachorro-e-e-detido-no-sertao-paraibano\/","title":{"rendered":"Homem agride cachorro e \u00e9 detido, no Sert\u00e3o paraibano"},"content":{"rendered":"<div class=\"space-20\"><\/div>\n<div class=\"conteudo-noticia\">\n<p>Durante o final de semana um homem de 33 anos foi detido\u00a0suspeito de agredir um cachorro que criava, na cidade de Patos, no Sert\u00e3o.<\/p>\n<p>O home j\u00e1 teria sido denunciado diversas vezes por conta das agress\u00f5es realizadas contra o animal.<\/p>\n<p>Ele foi levado\u00a0para a Delegacia de Pol\u00edcia Civil, prestou depoimento e foi liberado em seguida. O homem tamb\u00e9m ser\u00e1 processado pelo crime de maus tratos.<\/p>\n<p>O cachorro foi encontrado muito assustado e resgatado. Ele passou por avalia\u00e7\u00e3o veterin\u00e1ria e ser\u00e1 colocado para ado\u00e7\u00e3o.<\/p>\n<p><strong><em>PB Agora<\/em><\/strong><\/p>\n<\/div>\n","protected":false},"excerpt":{"rendered":"<p>Durante o final de semana um homem de 33 anos foi detido\u00a0suspeito de agredir um cachorro que criava, na cidade de Patos, no Sert\u00e3o. O&hellip; <\/p>\n","protected":false},"author":1,"featured_media":76083,"comment_status":"closed","ping_status":"closed","sticky":false,"template":"","format":"standard","meta":{"sfsi_plus_gutenberg_text_before_share":"","sfsi_plus_gutenberg_show_text_before_share":"","sfsi_plus_gutenberg_icon_type":"","sfsi_plus_gutenberg_icon_alignemt":"","sfsi_plus_gutenburg_max_per_row":"","footnotes":""},"categories":[1],"tags":[],"class_list":["post-76082","post","type-post","status-publish","format-standard","has-post-thumbnail","hentry","category-o-site"],"_links":{"self":[{"href":"https:\/\/www.caririemacao.com\/1\/wp-json\/wp\/v2\/posts\/76082","targetHints":{"allow":["GET"]}}],"collection":[{"href":"https:\/\/www.caririemacao.com\/1\/wp-json\/wp\/v2\/posts"}],"about":[{"href":"https:\/\/www.caririemacao.com\/1\/wp-json\/wp\/v2\/types\/post"}],"author":[{"embeddable":true,"href":"https:\/\/www.caririemacao.com\/1\/wp-json\/wp\/v2\/users\/1"}],"replies":[{"embeddable":true,"href":"https:\/\/www.caririemacao.com\/1\/wp-json\/wp\/v2\/comments?post=76082"}],"version-history":[{"count":1,"href":"https:\/\/www.caririemacao.com\/1\/wp-json\/wp\/v2\/posts\/76082\/revisions"}],"predecessor-version":[{"id":76084,"href":"https:\/\/www.caririemacao.com\/1\/wp-json\/wp\/v2\/posts\/76082\/revisions\/76084"}],"wp:featuredmedia":[{"embeddable":true,"href":"https:\/\/www.caririemacao.com\/1\/wp-json\/wp\/v2\/media\/76083"}],"wp:attachment":[{"href":"https:\/\/www.caririemacao.com\/1\/wp-json\/wp\/v2\/media?parent=76082"}],"wp:term":[{"taxonomy":"category","embeddable":true,"href":"https:\/\/www.caririemacao.com\/1\/wp-json\/wp\/v2\/categories?post=76082"},{"taxonomy":"post_tag","embeddable":true,"href":"https:\/\/www.caririemacao.com\/1\/wp-json\/wp\/v2\/tags?post=76082"}],"curies":[{"name":"wp","href":"https:\/\/api.w.org\/{rel}","templated":true}]}}