{"id":76085,"date":"2018-12-10T14:37:26","date_gmt":"2018-12-10T17:37:26","guid":{"rendered":"http:\/\/www.caririemacao.com\/1\/?p=76085"},"modified":"2018-12-10T14:37:26","modified_gmt":"2018-12-10T17:37:26","slug":"bolsonaro-chega-a-brasilia-para-diplomacao-no-tse","status":"publish","type":"post","link":"https:\/\/www.caririemacao.com\/1\/2018\/12\/10\/bolsonaro-chega-a-brasilia-para-diplomacao-no-tse\/","title":{"rendered":"Bolsonaro chega a Bras\u00edlia para diploma\u00e7\u00e3o no TSE"},"content":{"rendered":"<p>O presidente eleito, Jair Bolsonaro, desembarcou hoje (10) em Bras\u00edlia, onde ser\u00e1 diplomado agora \u00e0 tarde pelo Tribunal Superior Eleitoral (TSE). Antes da cerim\u00f4nia que atesta sua vit\u00f3ria nas elei\u00e7\u00f5es e a de seu vice, general Hamilton Mour\u00e3o, Bolsonaro decidiu oferecer um almo\u00e7o, na resid\u00eancia oficial da Granja do Torto, ao \u00faltimo integrante confirmado para o minist\u00e9rio, o advogado e administrador Ricardo de Aquino Salles, que assumir\u00e1 a pasta do Meio Ambiente.<\/p>\n<p>No TSE, o diploma ser\u00e1 assinado as 16h pela presidente do tribunal, ministra Rosa Weber, que abre a sess\u00e3o solene e indica dois ministros para conduzir os eleitos ao plen\u00e1rio. Para a cerim\u00f4nia, o presidente eleito veio acompanhado pela futura primeira dama, Michelle Bolsonaro, e a filha Laura. Outros familiares devem participar da diploma\u00e7\u00e3o, mas ainda n\u00e3o foram divulgados nomes.<\/p>\n<p>A previs\u00e3o \u00e9 de que Bolsonaro permane\u00e7a em Bras\u00edlia at\u00e9 a pr\u00f3xima quinta-feira (13). Ele vai se reunir com as bancadas do PSD, DEM, PSL, PP e PSB. Tamb\u00e9m haver\u00e1 conversas com os governadores eleitos de Santa Catarina, Carlos Mois\u00e9s da Silva (PSL), e do Rio Grande do Sul, Eduardo Leite (PSDB).<\/p>\n<p>Esses e outros governadores, que tamb\u00e9m chegam a Bras\u00edlia nesta semana, v\u00e3o se reunir com o futuro ministro da Justi\u00e7a, S\u00e9rgio Moro. O encontro com chefes de Executivos estaduais, o primeiro de Moro desde que foi confirmado para o primeiro escal\u00e3o do futuro governo, ser\u00e1 na quarta-feira (12), no Conselho Federal da Ordem dos Advogados do Brasil, a partir das 9h.<\/p>\n<p>&nbsp;<\/p>\n<p>EBC<\/p>\n","protected":false},"excerpt":{"rendered":"<p>O presidente eleito, Jair Bolsonaro, desembarcou hoje (10) em Bras\u00edlia, onde ser\u00e1 diplomado agora \u00e0 tarde pelo Tribunal Superior Eleitoral (TSE). Antes da cerim\u00f4nia que&hellip; <\/p>\n","protected":false},"author":1,"featured_media":76086,"comment_status":"closed","ping_status":"closed","sticky":false,"template":"","format":"standard","meta":{"sfsi_plus_gutenberg_text_before_share":"","sfsi_plus_gutenberg_show_text_before_share":"","sfsi_plus_gutenberg_icon_type":"","sfsi_plus_gutenberg_icon_alignemt":"","sfsi_plus_gutenburg_max_per_row":"","footnotes":""},"categories":[11],"tags":[],"class_list":["post-76085","post","type-post","status-publish","format-standard","has-post-thumbnail","hentry","category-politica"],"_links":{"self":[{"href":"https:\/\/www.caririemacao.com\/1\/wp-json\/wp\/v2\/posts\/76085","targetHints":{"allow":["GET"]}}],"collection":[{"href":"https:\/\/www.caririemacao.com\/1\/wp-json\/wp\/v2\/posts"}],"about":[{"href":"https:\/\/www.caririemacao.com\/1\/wp-json\/wp\/v2\/types\/post"}],"author":[{"embeddable":true,"href":"https:\/\/www.caririemacao.com\/1\/wp-json\/wp\/v2\/users\/1"}],"replies":[{"embeddable":true,"href":"https:\/\/www.caririemacao.com\/1\/wp-json\/wp\/v2\/comments?post=76085"}],"version-history":[{"count":1,"href":"https:\/\/www.caririemacao.com\/1\/wp-json\/wp\/v2\/posts\/76085\/revisions"}],"predecessor-version":[{"id":76087,"href":"https:\/\/www.caririemacao.com\/1\/wp-json\/wp\/v2\/posts\/76085\/revisions\/76087"}],"wp:featuredmedia":[{"embeddable":true,"href":"https:\/\/www.caririemacao.com\/1\/wp-json\/wp\/v2\/media\/76086"}],"wp:attachment":[{"href":"https:\/\/www.caririemacao.com\/1\/wp-json\/wp\/v2\/media?parent=76085"}],"wp:term":[{"taxonomy":"category","embeddable":true,"href":"https:\/\/www.caririemacao.com\/1\/wp-json\/wp\/v2\/categories?post=76085"},{"taxonomy":"post_tag","embeddable":true,"href":"https:\/\/www.caririemacao.com\/1\/wp-json\/wp\/v2\/tags?post=76085"}],"curies":[{"name":"wp","href":"https:\/\/api.w.org\/{rel}","templated":true}]}}