{"id":76088,"date":"2018-12-10T14:41:53","date_gmt":"2018-12-10T17:41:53","guid":{"rendered":"http:\/\/www.caririemacao.com\/1\/?p=76088"},"modified":"2018-12-10T14:41:53","modified_gmt":"2018-12-10T17:41:53","slug":"metade-de-inscritos-com-direito-a-nova-prova-consultam-enem","status":"publish","type":"post","link":"https:\/\/www.caririemacao.com\/1\/2018\/12\/10\/metade-de-inscritos-com-direito-a-nova-prova-consultam-enem\/","title":{"rendered":"Metade de inscritos com direito \u00e0 nova prova consultam Enem"},"content":{"rendered":"<p>Cerca da metade dos 2,7 mil inscritos com direito a reaplica\u00e7\u00e3o do Exame Nacional do Ensino M\u00e9dio (Enem) 2018 consultaram, at\u00e9 a manh\u00e3 desta segunda-feira (10), o local de prova, segundo o Instituto Nacional de Estudos e Pesquisas Educacionais An\u00edsio Teixeira (Inep).<\/p>\n<p>As provas ser\u00e3o aplicadas nos dias 11 e 12 de dezembro, em 16 munic\u00edpios, para os estudantes que tiveram o Enem cancelado devido a intercorr\u00eancias log\u00edsticas como falta de luz e outros imprevistos.<\/p>\n<p>Para saber o local de prova \u00e9 necess\u00e1rio acessar a <a href=\"https:\/\/enem.inep.gov.br\/participante\/#!\/inicial\" target=\"_blank\" rel=\"noopener\">P\u00e1gina do Participante<\/a> com o CPF e senha cadastrados no ato da inscri\u00e7\u00e3o. Aqueles que n\u00e3o se recordam da senha podem redefini-la. O passo a passo encontra-se dentro do sistema de inscri\u00e7\u00e3o, na op\u00e7\u00e3o \u201cOrienta\u00e7\u00f5es para Recupera\u00e7\u00e3o de Senha\u201d.<\/p>\n<p>Tamb\u00e9m nos dias 11 e 12 de dezembro, ser\u00e1 aplicado o Exame Nacional do Ensino M\u00e9dio a Pessoas Privadas de Liberdade e Jovens sob Medida Socioeducativa que inclua priva\u00e7\u00e3o de liberdade (Enem PPL). Este ano, o Enem PPL teve 41.044 inscri\u00e7\u00f5es e ser\u00e1 aplicado em 1.436 unidades em todos os estados brasileiros.<\/p>\n<p>O Enem regular foi aplicado nos dias 4 e 11 de novembro em 1,7 mil munic\u00edpios. Mais de 4 milh\u00f5es de estudantes participaram do exame. As notas do Enem podem ser usadas para concorrer a vagas no ensino superior p\u00fablico pelo Sistema de Sele\u00e7\u00e3o Unificada (Sisu), a bolsas de estudo em institui\u00e7\u00f5es privadas pelo Programa Universidade para Todos (ProUni) e a vagas no Fundo de Financiamento Estudantil (Fies).<\/p>\n<p>&nbsp;<\/p>\n<p>EBC<\/p>\n","protected":false},"excerpt":{"rendered":"<p>Cerca da metade dos 2,7 mil inscritos com direito a reaplica\u00e7\u00e3o do Exame Nacional do Ensino M\u00e9dio (Enem) 2018 consultaram, at\u00e9 a manh\u00e3 desta segunda-feira&hellip; <\/p>\n","protected":false},"author":1,"featured_media":44715,"comment_status":"closed","ping_status":"closed","sticky":false,"template":"","format":"standard","meta":{"sfsi_plus_gutenberg_text_before_share":"","sfsi_plus_gutenberg_show_text_before_share":"","sfsi_plus_gutenberg_icon_type":"","sfsi_plus_gutenberg_icon_alignemt":"","sfsi_plus_gutenburg_max_per_row":"","footnotes":""},"categories":[14],"tags":[],"class_list":["post-76088","post","type-post","status-publish","format-standard","has-post-thumbnail","hentry","category-educacao"],"_links":{"self":[{"href":"https:\/\/www.caririemacao.com\/1\/wp-json\/wp\/v2\/posts\/76088","targetHints":{"allow":["GET"]}}],"collection":[{"href":"https:\/\/www.caririemacao.com\/1\/wp-json\/wp\/v2\/posts"}],"about":[{"href":"https:\/\/www.caririemacao.com\/1\/wp-json\/wp\/v2\/types\/post"}],"author":[{"embeddable":true,"href":"https:\/\/www.caririemacao.com\/1\/wp-json\/wp\/v2\/users\/1"}],"replies":[{"embeddable":true,"href":"https:\/\/www.caririemacao.com\/1\/wp-json\/wp\/v2\/comments?post=76088"}],"version-history":[{"count":1,"href":"https:\/\/www.caririemacao.com\/1\/wp-json\/wp\/v2\/posts\/76088\/revisions"}],"predecessor-version":[{"id":76099,"href":"https:\/\/www.caririemacao.com\/1\/wp-json\/wp\/v2\/posts\/76088\/revisions\/76099"}],"wp:featuredmedia":[{"embeddable":true,"href":"https:\/\/www.caririemacao.com\/1\/wp-json\/wp\/v2\/media\/44715"}],"wp:attachment":[{"href":"https:\/\/www.caririemacao.com\/1\/wp-json\/wp\/v2\/media?parent=76088"}],"wp:term":[{"taxonomy":"category","embeddable":true,"href":"https:\/\/www.caririemacao.com\/1\/wp-json\/wp\/v2\/categories?post=76088"},{"taxonomy":"post_tag","embeddable":true,"href":"https:\/\/www.caririemacao.com\/1\/wp-json\/wp\/v2\/tags?post=76088"}],"curies":[{"name":"wp","href":"https:\/\/api.w.org\/{rel}","templated":true}]}}