{"id":76102,"date":"2018-12-10T14:51:03","date_gmt":"2018-12-10T17:51:03","guid":{"rendered":"http:\/\/www.caririemacao.com\/1\/?p=76102"},"modified":"2018-12-10T14:51:03","modified_gmt":"2018-12-10T17:51:03","slug":"monteirense-tem-bike-furtada-na-ponte-do-rio-paraiba-em-monteiro","status":"publish","type":"post","link":"https:\/\/www.caririemacao.com\/1\/2018\/12\/10\/monteirense-tem-bike-furtada-na-ponte-do-rio-paraiba-em-monteiro\/","title":{"rendered":"Monteirense tem BIKE furtada na ponte do rio para\u00edba em Monteiro"},"content":{"rendered":"<p><img fetchpriority=\"high\" decoding=\"async\" class=\"alignnone  wp-image-76103\" src=\"http:\/\/www.caririemacao.com\/1\/wp-content\/uploads\/2018\/12\/moi-800x445-300x167.jpg\" alt=\"\" width=\"579\" height=\"322\" srcset=\"https:\/\/www.caririemacao.com\/1\/wp-content\/uploads\/2018\/12\/moi-800x445-300x167.jpg 300w, https:\/\/www.caririemacao.com\/1\/wp-content\/uploads\/2018\/12\/moi-800x445-768x427.jpg 768w, https:\/\/www.caririemacao.com\/1\/wp-content\/uploads\/2018\/12\/moi-800x445.jpg 800w\" sizes=\"(max-width: 579px) 100vw, 579px\" \/><\/p>\n<p>Na tarde deste domingo (09), uma bicicleta foi roubada embaixo da ponte do rio Para\u00edba em Monteiro.<\/p>\n<p>Mois\u00e9s tinha deixado sua bicicleta em um determinado lugar, ao chegar la ela n\u00e3o estava mais.<\/p>\n<p>O mesmo \u00e9 muito conhecido atrav\u00e9s de suas dan\u00e7as, em v\u00eddeos no watzapp.<\/p>\n<p>HORA1PB<\/p>\n","protected":false},"excerpt":{"rendered":"<p>Na tarde deste domingo (09), uma bicicleta foi roubada embaixo da ponte do rio Para\u00edba em Monteiro. Mois\u00e9s tinha deixado sua bicicleta em um determinado&hellip; <\/p>\n","protected":false},"author":1,"featured_media":18430,"comment_status":"closed","ping_status":"closed","sticky":false,"template":"","format":"standard","meta":{"sfsi_plus_gutenberg_text_before_share":"","sfsi_plus_gutenberg_show_text_before_share":"","sfsi_plus_gutenberg_icon_type":"","sfsi_plus_gutenberg_icon_alignemt":"","sfsi_plus_gutenburg_max_per_row":"","footnotes":""},"categories":[12],"tags":[],"class_list":["post-76102","post","type-post","status-publish","format-standard","has-post-thumbnail","hentry","category-policia"],"_links":{"self":[{"href":"https:\/\/www.caririemacao.com\/1\/wp-json\/wp\/v2\/posts\/76102","targetHints":{"allow":["GET"]}}],"collection":[{"href":"https:\/\/www.caririemacao.com\/1\/wp-json\/wp\/v2\/posts"}],"about":[{"href":"https:\/\/www.caririemacao.com\/1\/wp-json\/wp\/v2\/types\/post"}],"author":[{"embeddable":true,"href":"https:\/\/www.caririemacao.com\/1\/wp-json\/wp\/v2\/users\/1"}],"replies":[{"embeddable":true,"href":"https:\/\/www.caririemacao.com\/1\/wp-json\/wp\/v2\/comments?post=76102"}],"version-history":[{"count":1,"href":"https:\/\/www.caririemacao.com\/1\/wp-json\/wp\/v2\/posts\/76102\/revisions"}],"predecessor-version":[{"id":76104,"href":"https:\/\/www.caririemacao.com\/1\/wp-json\/wp\/v2\/posts\/76102\/revisions\/76104"}],"wp:featuredmedia":[{"embeddable":true,"href":"https:\/\/www.caririemacao.com\/1\/wp-json\/wp\/v2\/media\/18430"}],"wp:attachment":[{"href":"https:\/\/www.caririemacao.com\/1\/wp-json\/wp\/v2\/media?parent=76102"}],"wp:term":[{"taxonomy":"category","embeddable":true,"href":"https:\/\/www.caririemacao.com\/1\/wp-json\/wp\/v2\/categories?post=76102"},{"taxonomy":"post_tag","embeddable":true,"href":"https:\/\/www.caririemacao.com\/1\/wp-json\/wp\/v2\/tags?post=76102"}],"curies":[{"name":"wp","href":"https:\/\/api.w.org\/{rel}","templated":true}]}}