{"id":76108,"date":"2018-12-10T15:01:15","date_gmt":"2018-12-10T18:01:15","guid":{"rendered":"http:\/\/www.caririemacao.com\/1\/?p=76108"},"modified":"2018-12-10T15:01:15","modified_gmt":"2018-12-10T18:01:15","slug":"acontece-nesta-terca-feira-confraternizacao-do-time-de-handebol-de-camalau","status":"publish","type":"post","link":"https:\/\/www.caririemacao.com\/1\/2018\/12\/10\/acontece-nesta-terca-feira-confraternizacao-do-time-de-handebol-de-camalau\/","title":{"rendered":"Acontece nesta ter\u00e7a feira confraterniza\u00e7\u00e3o do time de handebol de Camala\u00fa"},"content":{"rendered":"<p><img fetchpriority=\"high\" decoding=\"async\" class=\"alignnone  wp-image-9845\" src=\"http:\/\/www.camalaunoticias.com.br\/wp-content\/uploads\/2018\/12\/51304c86-9434-45c8-b68e-fee0b0539442-267x300.jpg\" sizes=\"(max-width: 267px) 100vw, 267px\" srcset=\"http:\/\/www.camalaunoticias.com.br\/wp-content\/uploads\/2018\/12\/51304c86-9434-45c8-b68e-fee0b0539442-267x300.jpg 267w, http:\/\/www.camalaunoticias.com.br\/wp-content\/uploads\/2018\/12\/51304c86-9434-45c8-b68e-fee0b0539442.jpg 750w\" alt=\"\" width=\"399\" height=\"448\" \/><\/p>\n<p>O final de ano \u00e9 momento de confraterniza\u00e7\u00e3o, e \u00e9 neste clima que a equipe Atl\u00e9tico Handebol Clube realiza sua confraterniza\u00e7\u00e3o nesta ter\u00e7a feira dia 11 de dezembro a partir das 18 horas.<\/p>\n<p>O jogo acontecer\u00e1 na quadra da Escola \u201cFrancisco Chaves Ventura\u201d<\/p>\n<div class=\"pCLybaW7\"><!-- meio do post --> <ins class=\"adsbygoogle\" data-ad-format=\"auto\" data-adsbygoogle-status=\"done\" data-ad-client=\"ca-pub-2976411263599525\" data-ad-slot=\"7993921194\"><ins id=\"aswift_0_expand\"><ins id=\"aswift_0_anchor\"><\/ins><\/ins><\/ins>Uma realiza\u00e7\u00e3o do Governo Municipal de Camala\u00fa, atrav\u00e9s da secretaria municipal de educa\u00e7\u00e3o, atrav\u00e9s do professor Edil\u00e2nio Cunha.<\/div>\n<div><\/div>\n<div>Ascom<\/div>\n","protected":false},"excerpt":{"rendered":"<p>O final de ano \u00e9 momento de confraterniza\u00e7\u00e3o, e \u00e9 neste clima que a equipe Atl\u00e9tico Handebol Clube realiza sua confraterniza\u00e7\u00e3o nesta ter\u00e7a feira dia&hellip; <\/p>\n","protected":false},"author":1,"featured_media":76109,"comment_status":"closed","ping_status":"closed","sticky":false,"template":"","format":"standard","meta":{"sfsi_plus_gutenberg_text_before_share":"","sfsi_plus_gutenberg_show_text_before_share":"","sfsi_plus_gutenberg_icon_type":"","sfsi_plus_gutenberg_icon_alignemt":"","sfsi_plus_gutenburg_max_per_row":"","footnotes":""},"categories":[13],"tags":[],"class_list":["post-76108","post","type-post","status-publish","format-standard","has-post-thumbnail","hentry","category-esportes"],"_links":{"self":[{"href":"https:\/\/www.caririemacao.com\/1\/wp-json\/wp\/v2\/posts\/76108","targetHints":{"allow":["GET"]}}],"collection":[{"href":"https:\/\/www.caririemacao.com\/1\/wp-json\/wp\/v2\/posts"}],"about":[{"href":"https:\/\/www.caririemacao.com\/1\/wp-json\/wp\/v2\/types\/post"}],"author":[{"embeddable":true,"href":"https:\/\/www.caririemacao.com\/1\/wp-json\/wp\/v2\/users\/1"}],"replies":[{"embeddable":true,"href":"https:\/\/www.caririemacao.com\/1\/wp-json\/wp\/v2\/comments?post=76108"}],"version-history":[{"count":1,"href":"https:\/\/www.caririemacao.com\/1\/wp-json\/wp\/v2\/posts\/76108\/revisions"}],"predecessor-version":[{"id":76110,"href":"https:\/\/www.caririemacao.com\/1\/wp-json\/wp\/v2\/posts\/76108\/revisions\/76110"}],"wp:featuredmedia":[{"embeddable":true,"href":"https:\/\/www.caririemacao.com\/1\/wp-json\/wp\/v2\/media\/76109"}],"wp:attachment":[{"href":"https:\/\/www.caririemacao.com\/1\/wp-json\/wp\/v2\/media?parent=76108"}],"wp:term":[{"taxonomy":"category","embeddable":true,"href":"https:\/\/www.caririemacao.com\/1\/wp-json\/wp\/v2\/categories?post=76108"},{"taxonomy":"post_tag","embeddable":true,"href":"https:\/\/www.caririemacao.com\/1\/wp-json\/wp\/v2\/tags?post=76108"}],"curies":[{"name":"wp","href":"https:\/\/api.w.org\/{rel}","templated":true}]}}