{"id":76111,"date":"2018-12-10T15:06:18","date_gmt":"2018-12-10T18:06:18","guid":{"rendered":"http:\/\/www.caririemacao.com\/1\/?p=76111"},"modified":"2018-12-10T15:06:18","modified_gmt":"2018-12-10T18:06:18","slug":"tce-pb-aponta-que-o-prefeito-eden-e-mais-3-prefeitos-do-cariri-foram-destaque-na-execucao-orcamentaria-em-2017","status":"publish","type":"post","link":"https:\/\/www.caririemacao.com\/1\/2018\/12\/10\/tce-pb-aponta-que-o-prefeito-eden-e-mais-3-prefeitos-do-cariri-foram-destaque-na-execucao-orcamentaria-em-2017\/","title":{"rendered":"TCE-PB aponta que o prefeito \u00c9den e mais 3 prefeitos do Cariri foram destaque na execu\u00e7\u00e3o or\u00e7ament\u00e1ria em 2017"},"content":{"rendered":"<p style=\"margin: 0px 0px 10px; padding: 0px; text-align: justify; color: #333333; text-transform: none; text-indent: 0px; letter-spacing: normal; font-family: 'Helvetica Neue', Helvetica, Arial, sans-serif; font-size: 14px; font-style: normal; font-weight: normal; word-spacing: 0px; white-space: normal; box-sizing: border-box; orphans: 2; widows: 2; transition-duration: 0.5s; background-color: #ffffff; font-variant-ligatures: normal; font-variant-caps: normal; -webkit-text-stroke-width: 0px; text-decoration-style: initial; text-decoration-color: initial;\"><img fetchpriority=\"high\" decoding=\"async\" class=\"aligncenter wp-image-49194\" src=\"http:\/\/deolhonocariri.com.br\/wp-content\/uploads\/2018\/02\/prefeitos_cariri-600x156.jpg\" sizes=\"(max-width: 642px) 100vw, 642px\" srcset=\"http:\/\/deolhonocariri.com.br\/wp-content\/uploads\/2018\/02\/prefeitos_cariri-600x156.jpg 600w, http:\/\/deolhonocariri.com.br\/wp-content\/uploads\/2018\/02\/prefeitos_cariri-400x104.jpg 400w, http:\/\/deolhonocariri.com.br\/wp-content\/uploads\/2018\/02\/prefeitos_cariri-768x200.jpg 768w, http:\/\/deolhonocariri.com.br\/wp-content\/uploads\/2018\/02\/prefeitos_cariri.jpg 917w\" alt=\"\" width=\"642\" height=\"167\" \/><\/p>\n<p style=\"margin: 0px 0px 10px; padding: 0px; text-align: justify; color: #333333; text-transform: none; text-indent: 0px; letter-spacing: normal; font-family: 'Helvetica Neue', Helvetica, Arial, sans-serif; font-size: 14px; font-style: normal; font-weight: normal; word-spacing: 0px; white-space: normal; box-sizing: border-box; orphans: 2; widows: 2; transition-duration: 0.5s; background-color: #ffffff; font-variant-ligatures: normal; font-variant-caps: normal; -webkit-text-stroke-width: 0px; text-decoration-style: initial; text-decoration-color: initial;\">O Tribunal de Contas da Para\u00edba divulgou um relat\u00f3rio onde mostra o ranking dos munic\u00edpios paraibanos no tocante \u00e0 execu\u00e7\u00e3o or\u00e7ament\u00e1ria do ano de 2017. O levantamento mostra os prefeitos que mesmo em meio \u00e0 crise econ\u00f4mica conseguiram equilibrar as despesas de seus munic\u00edpios em conformidade com suas receitas e conclu\u00edram o exerc\u00edcio or\u00e7ament\u00e1rio do ano passado com super\u00e1vit nas contas p\u00fablicas.<\/p>\n<p style=\"margin: 0px 0px 10px; padding: 0px; text-align: justify; color: #333333; text-transform: none; text-indent: 0px; letter-spacing: normal; font-family: 'Helvetica Neue', Helvetica, Arial, sans-serif; font-size: 14px; font-style: normal; font-weight: normal; word-spacing: 0px; white-space: normal; box-sizing: border-box; orphans: 2; widows: 2; transition-duration: 0.5s; background-color: #ffffff; font-variant-ligatures: normal; font-variant-caps: normal; -webkit-text-stroke-width: 0px; text-decoration-style: initial; text-decoration-color: initial;\">As cidades que ficaram dentro da m\u00e9dia e cujos prefeitos foram aprovados pela Corte de Contas do Estado foram: S\u00e3o Domingos do Cariri, Sum\u00e9, Coxixola e Cabaceiras. O per\u00edodo da pesquisa auditado foi de janeiro a agosto do ano passado e dos 223 munic\u00edpios paraibanos, apenas 79 tiveram os prefeitos aprovados.<\/p>\n<p style=\"margin: 0px 0px 10px; padding: 0px; text-align: justify; color: #333333; text-transform: none; text-indent: 0px; letter-spacing: normal; font-family: 'Helvetica Neue', Helvetica, Arial, sans-serif; font-size: 14px; font-style: normal; font-weight: normal; word-spacing: 0px; white-space: normal; box-sizing: border-box; orphans: 2; widows: 2; transition-duration: 0.5s; background-color: #ffffff; font-variant-ligatures: normal; font-variant-caps: normal; -webkit-text-stroke-width: 0px; text-decoration-style: initial; text-decoration-color: initial;\">No Cariri Paraibano, de acordo com dados do Tribunal de Contas do Estado da Para\u00edba, a gest\u00e3o da prefeita de S\u00e3o Domingos do Cariri, Inara Marinho, foi a mais bem avaliada. Ela obteve um super\u00e1vit de 7,48% de seu or\u00e7amento. De acordo com o TCE, a Prefeitura de S\u00e3o Domingos do Cariri teve uma receita de R$ 7.249.941,39 e investiu cerca R$ 6.707.590,02. Vale destacar que o munic\u00edpio j\u00e1 possui uma boa reserva hist\u00f3rica em suas contas p\u00fablicas.<\/p>\n<p style=\"margin: 0px 0px 10px; padding: 0px; text-align: justify; color: #333333; text-transform: none; text-indent: 0px; letter-spacing: normal; font-family: 'Helvetica Neue', Helvetica, Arial, sans-serif; font-size: 14px; font-style: normal; font-weight: normal; word-spacing: 0px; white-space: normal; box-sizing: border-box; orphans: 2; widows: 2; transition-duration: 0.5s; background-color: #ffffff; font-variant-ligatures: normal; font-variant-caps: normal; -webkit-text-stroke-width: 0px; text-decoration-style: initial; text-decoration-color: initial;\">Outros munic\u00edpios destaques na regi\u00e3o do Cariri foram Sum\u00e9 e Coxixola. No Cariri Ocidental, os prefeitos \u00c9den Duarte e Givaldo Limeira foram os gestores com melhor execu\u00e7\u00e3o or\u00e7ament\u00e1ria segundo o Tribunal de Contas da Para\u00edba e deixaram seus munic\u00edpios com recursos em caixa, pagando em dia todos os seus compromissos tanto com servidores, como fornecedores.<\/p>\n<p style=\"margin: 0px 0px 10px; padding: 0px; text-align: justify; color: #333333; text-transform: none; text-indent: 0px; letter-spacing: normal; font-family: 'Helvetica Neue', Helvetica, Arial, sans-serif; font-size: 14px; font-style: normal; font-weight: normal; word-spacing: 0px; white-space: normal; box-sizing: border-box; orphans: 2; widows: 2; transition-duration: 0.5s; background-color: #ffffff; font-variant-ligatures: normal; font-variant-caps: normal; -webkit-text-stroke-width: 0px; text-decoration-style: initial; text-decoration-color: initial;\">A Prefeitura de Sum\u00e9 recebeu R$ 27.874.017,98 e investiu R$ 26.986.795,34, o que representa um super\u00e1vit de 3,18% em 2017. J\u00e1 a Prefeitura de Coxixola recebeu entre janeiro e agosto R$ 6.232.784,54 e investiu R$ 6.068.505,53, representando um super\u00e1vit de 2,64%.<\/p>\n<p style=\"margin: 0px 0px 10px; padding: 0px; text-align: justify; color: #333333; text-transform: none; text-indent: 0px; letter-spacing: normal; font-family: 'Helvetica Neue', Helvetica, Arial, sans-serif; font-size: 14px; font-style: normal; font-weight: normal; word-spacing: 0px; white-space: normal; box-sizing: border-box; orphans: 2; widows: 2; transition-duration: 0.5s; background-color: #ffffff; font-variant-ligatures: normal; font-variant-caps: normal; -webkit-text-stroke-width: 0px; text-decoration-style: initial; text-decoration-color: initial;\">A Prefeitura de Cabaceiras tamb\u00e9m foi superavit\u00e1ria e manteve um caixa de 2,63% de sua receita.<\/p>\n<p style=\"margin: 0px 0px 10px; padding: 0px; text-align: justify; color: #333333; text-transform: none; text-indent: 0px; letter-spacing: normal; font-family: 'Helvetica Neue', Helvetica, Arial, sans-serif; font-size: 14px; font-style: normal; font-weight: normal; word-spacing: 0px; white-space: normal; box-sizing: border-box; orphans: 2; widows: 2; transition-duration: 0.5s; background-color: #ffffff; font-variant-ligatures: normal; font-variant-caps: normal; -webkit-text-stroke-width: 0px; text-decoration-style: initial; text-decoration-color: initial;\"><strong>Menos eficientes<\/strong><\/p>\n<p style=\"margin: 0px 0px 10px; padding: 0px; text-align: justify; color: #333333; text-transform: none; text-indent: 0px; letter-spacing: normal; font-family: 'Helvetica Neue', Helvetica, Arial, sans-serif; font-size: 14px; font-style: normal; font-weight: normal; word-spacing: 0px; white-space: normal; box-sizing: border-box; orphans: 2; widows: 2; transition-duration: 0.5s; background-color: #ffffff; font-variant-ligatures: normal; font-variant-caps: normal; -webkit-text-stroke-width: 0px; text-decoration-style: initial; text-decoration-color: initial;\">Na outra ponta, os prefeitos menos eficientes no quesito execu\u00e7\u00e3o or\u00e7ament\u00e1ria tamb\u00e9m s\u00e3o da regi\u00e3o do Cariri. Os prefeitos com maior saldo deficit\u00e1rio nas contas de seus munic\u00edpios foram: S\u00e3o Sebasti\u00e3o do Umbuzeiro, Prata, Cara\u00fabas, S\u00e3o Jo\u00e3o do Cariri, Ouro Velho, Amparo e Congo.<\/p>\n<p style=\"margin: 0px 0px 10px; padding: 0px; text-align: justify; color: #333333; text-transform: none; text-indent: 0px; letter-spacing: normal; font-family: 'Helvetica Neue', Helvetica, Arial, sans-serif; font-size: 14px; font-style: normal; font-weight: normal; word-spacing: 0px; white-space: normal; box-sizing: border-box; orphans: 2; widows: 2; transition-duration: 0.5s; background-color: #ffffff; font-variant-ligatures: normal; font-variant-caps: normal; -webkit-text-stroke-width: 0px; text-decoration-style: initial; text-decoration-color: initial;\">Dos 223 munic\u00edpios do Estado, 144 deles est\u00e3o gastando mais do que arrecadam e o caso mais flagrante \u00e9 o do prefeito de S\u00e3o Sebasti\u00e3o do Umbuzeiro, Adriano Wolff (DEM). Segundo dados auditados do Tribunal de Contas do Estado (TCE), o prefeito recebeu R$ 8.034.373,09 e gastou R$ 16.940.010,44, um d\u00e9ficit de 110,84%.<\/p>\n<p style=\"margin: 0px 0px 10px; padding: 0px; color: #333333; text-transform: none; text-indent: 0px; letter-spacing: normal; font-family: 'Helvetica Neue', Helvetica, Arial, sans-serif; font-size: 14px; font-style: normal; font-weight: normal; word-spacing: 0px; white-space: normal; box-sizing: border-box; orphans: 2; widows: 2; transition-duration: 0.5s; background-color: #ffffff; font-variant-ligatures: normal; font-variant-caps: normal; -webkit-text-stroke-width: 0px; text-decoration-style: initial; text-decoration-color: initial;\">Confira o relat\u00f3rio completo<span class=\"Apple-converted-space\">\u00a0<\/span><strong><a href=\"https:\/\/portal.tce.pb.gov.br\/relatorios-de-acompanhamento\/\">no site do TCE-PB<\/a>.<\/strong><\/p>\n<p style=\"margin: 0px 0px 10px; padding: 0px; color: #333333; text-transform: none; text-indent: 0px; letter-spacing: normal; font-family: 'Helvetica Neue', Helvetica, Arial, sans-serif; font-size: 14px; font-style: normal; font-weight: normal; word-spacing: 0px; white-space: normal; box-sizing: border-box; orphans: 2; widows: 2; transition-duration: 0.5s; background-color: #ffffff; font-variant-ligatures: normal; font-variant-caps: normal; -webkit-text-stroke-width: 0px; text-decoration-style: initial; text-decoration-color: initial;\">De Olho no Cariri<\/p>\n","protected":false},"excerpt":{"rendered":"<p>O Tribunal de Contas da Para\u00edba divulgou um relat\u00f3rio onde mostra o ranking dos munic\u00edpios paraibanos no tocante \u00e0 execu\u00e7\u00e3o or\u00e7ament\u00e1ria do ano de 2017.&hellip; <\/p>\n","protected":false},"author":1,"featured_media":37102,"comment_status":"closed","ping_status":"closed","sticky":false,"template":"","format":"standard","meta":{"sfsi_plus_gutenberg_text_before_share":"","sfsi_plus_gutenberg_show_text_before_share":"","sfsi_plus_gutenberg_icon_type":"","sfsi_plus_gutenberg_icon_alignemt":"","sfsi_plus_gutenburg_max_per_row":"","footnotes":""},"categories":[50,2],"tags":[],"class_list":["post-76111","post","type-post","status-publish","format-standard","has-post-thumbnail","hentry","category-destaque","category-geral"],"_links":{"self":[{"href":"https:\/\/www.caririemacao.com\/1\/wp-json\/wp\/v2\/posts\/76111","targetHints":{"allow":["GET"]}}],"collection":[{"href":"https:\/\/www.caririemacao.com\/1\/wp-json\/wp\/v2\/posts"}],"about":[{"href":"https:\/\/www.caririemacao.com\/1\/wp-json\/wp\/v2\/types\/post"}],"author":[{"embeddable":true,"href":"https:\/\/www.caririemacao.com\/1\/wp-json\/wp\/v2\/users\/1"}],"replies":[{"embeddable":true,"href":"https:\/\/www.caririemacao.com\/1\/wp-json\/wp\/v2\/comments?post=76111"}],"version-history":[{"count":1,"href":"https:\/\/www.caririemacao.com\/1\/wp-json\/wp\/v2\/posts\/76111\/revisions"}],"predecessor-version":[{"id":76112,"href":"https:\/\/www.caririemacao.com\/1\/wp-json\/wp\/v2\/posts\/76111\/revisions\/76112"}],"wp:featuredmedia":[{"embeddable":true,"href":"https:\/\/www.caririemacao.com\/1\/wp-json\/wp\/v2\/media\/37102"}],"wp:attachment":[{"href":"https:\/\/www.caririemacao.com\/1\/wp-json\/wp\/v2\/media?parent=76111"}],"wp:term":[{"taxonomy":"category","embeddable":true,"href":"https:\/\/www.caririemacao.com\/1\/wp-json\/wp\/v2\/categories?post=76111"},{"taxonomy":"post_tag","embeddable":true,"href":"https:\/\/www.caririemacao.com\/1\/wp-json\/wp\/v2\/tags?post=76111"}],"curies":[{"name":"wp","href":"https:\/\/api.w.org\/{rel}","templated":true}]}}