{"id":76113,"date":"2018-12-10T15:22:24","date_gmt":"2018-12-10T18:22:24","guid":{"rendered":"http:\/\/www.caririemacao.com\/1\/?p=76113"},"modified":"2018-12-10T15:22:24","modified_gmt":"2018-12-10T18:22:24","slug":"acompanhe-ao-vivo-diplomacao-de-jair-bolsonaro","status":"publish","type":"post","link":"https:\/\/www.caririemacao.com\/1\/2018\/12\/10\/acompanhe-ao-vivo-diplomacao-de-jair-bolsonaro\/","title":{"rendered":"Acompanhe ao vivo diploma\u00e7\u00e3o de Jair Bolsonaro"},"content":{"rendered":"<p>O Tribunal Superior Eleitoral (TSE) diplomar\u00e1, a partir das 16h desta segunda-feira (10), Jair Bolsonaro como presidente da Rep\u00fablica para cumprir mandato de 2019 a 2022.<\/p>\n<p>A cerim\u00f4nia de diploma\u00e7\u00e3o do presidente eleito em 28 de outubro e de seu vice, Hamilton Mour\u00e3o, ser\u00e1 realizada em sess\u00e3o solene no plen\u00e1rio da Corte.<\/p>\n<p>Os diplomas s\u00e3o assinados pela presidente do TSE, ministra Rosa Weber.<\/p>\n<h3><strong>Assista ao vivo:<\/strong><\/h3>\n<p><iframe class=\"lazyloaded\" src=\"https:\/\/www.youtube.com\/embed\/iwxoARdejro?feature=oembed\" frameborder=\"0\" allowfullscreen=\"allowfullscreen\" data-mce-fragment=\"1\" data-was-processed=\"true\" data-lazy-src=\"https:\/\/www.youtube.com\/embed\/iwxoARdejro?feature=oembed\" data-rocket-lazyload=\"fitvidscompatible\"><\/iframe><noscript>&amp;amp;lt;iframe width=&#8221;500&#8243; height=&#8221;281&#8243; src=&#8221;https:\/\/www.youtube.com\/embed\/iwxoARdejro?feature=oembed&#8221; frameborder=&#8221;0&#8243; allow=&#8221;accelerometer; autoplay; encrypted-media; gyroscope; picture-in-picture&#8221; allowfullscreen&amp;amp;gt;&amp;amp;lt;\/iframe&amp;amp;gt;<\/noscript><\/p>\n<p><!--\/content-->\u00a0<!------------------->\u00a0<!--banner-editoria-->\u00a0<!-------------------><!-------------------><!-------fim---------><!-------------------><!--compartilhamento--><\/p>\n","protected":false},"excerpt":{"rendered":"<p>O Tribunal Superior Eleitoral (TSE) diplomar\u00e1, a partir das 16h desta segunda-feira (10), Jair Bolsonaro como presidente da Rep\u00fablica para cumprir mandato de 2019 a&hellip; <\/p>\n","protected":false},"author":1,"featured_media":76114,"comment_status":"closed","ping_status":"closed","sticky":false,"template":"","format":"standard","meta":{"sfsi_plus_gutenberg_text_before_share":"","sfsi_plus_gutenberg_show_text_before_share":"","sfsi_plus_gutenberg_icon_type":"","sfsi_plus_gutenberg_icon_alignemt":"","sfsi_plus_gutenburg_max_per_row":"","footnotes":""},"categories":[50,11],"tags":[],"class_list":["post-76113","post","type-post","status-publish","format-standard","has-post-thumbnail","hentry","category-destaque","category-politica"],"_links":{"self":[{"href":"https:\/\/www.caririemacao.com\/1\/wp-json\/wp\/v2\/posts\/76113","targetHints":{"allow":["GET"]}}],"collection":[{"href":"https:\/\/www.caririemacao.com\/1\/wp-json\/wp\/v2\/posts"}],"about":[{"href":"https:\/\/www.caririemacao.com\/1\/wp-json\/wp\/v2\/types\/post"}],"author":[{"embeddable":true,"href":"https:\/\/www.caririemacao.com\/1\/wp-json\/wp\/v2\/users\/1"}],"replies":[{"embeddable":true,"href":"https:\/\/www.caririemacao.com\/1\/wp-json\/wp\/v2\/comments?post=76113"}],"version-history":[{"count":1,"href":"https:\/\/www.caririemacao.com\/1\/wp-json\/wp\/v2\/posts\/76113\/revisions"}],"predecessor-version":[{"id":76115,"href":"https:\/\/www.caririemacao.com\/1\/wp-json\/wp\/v2\/posts\/76113\/revisions\/76115"}],"wp:featuredmedia":[{"embeddable":true,"href":"https:\/\/www.caririemacao.com\/1\/wp-json\/wp\/v2\/media\/76114"}],"wp:attachment":[{"href":"https:\/\/www.caririemacao.com\/1\/wp-json\/wp\/v2\/media?parent=76113"}],"wp:term":[{"taxonomy":"category","embeddable":true,"href":"https:\/\/www.caririemacao.com\/1\/wp-json\/wp\/v2\/categories?post=76113"},{"taxonomy":"post_tag","embeddable":true,"href":"https:\/\/www.caririemacao.com\/1\/wp-json\/wp\/v2\/tags?post=76113"}],"curies":[{"name":"wp","href":"https:\/\/api.w.org\/{rel}","templated":true}]}}