{"id":76123,"date":"2018-12-10T21:59:14","date_gmt":"2018-12-11T00:59:14","guid":{"rendered":"http:\/\/www.caririemacao.com\/1\/?p=76123"},"modified":"2018-12-10T21:59:14","modified_gmt":"2018-12-11T00:59:14","slug":"prefeitura-de-amparo-paga-segunda-parcela-do-13o-salario-aos-servidores-do-municipio","status":"publish","type":"post","link":"https:\/\/www.caririemacao.com\/1\/2018\/12\/10\/prefeitura-de-amparo-paga-segunda-parcela-do-13o-salario-aos-servidores-do-municipio\/","title":{"rendered":"Prefeitura de Amparo paga Segunda Parcela do 13\u00ba Sal\u00e1rio aos Servidores do Munic\u00edpio"},"content":{"rendered":"<p>A Prefeitura Municipal de Amparo realizou o pagamento da 2\u00aa Parcela do 13\u00ba Sal\u00e1rio dos Servidores P\u00fablicos do munic\u00edpio nesta segunda-feira (10), o valor dever\u00e1 cair nas contas dos funcion\u00e1rios a partir desta ter\u00e7a-feira (11).<br \/>\n\u201cSempre foi nossa prioridade garantir os direitos do servidor, come\u00e7ando pelo pagamento rigorosamente em dia como forma de valorizar o servidor e tamb\u00e9m de movimentar a economia local\u201d, afirma a secret\u00e1ria de Finan\u00e7as do munic\u00edpio Joseilma Anselmo.<\/p>\n<p>&nbsp;<\/p>\n<p>Ascom\/Amparo<\/p>\n","protected":false},"excerpt":{"rendered":"<p>A Prefeitura Municipal de Amparo realizou o pagamento da 2\u00aa Parcela do 13\u00ba Sal\u00e1rio dos Servidores P\u00fablicos do munic\u00edpio nesta segunda-feira (10), o valor dever\u00e1&hellip; <\/p>\n","protected":false},"author":1,"featured_media":44145,"comment_status":"closed","ping_status":"closed","sticky":false,"template":"","format":"standard","meta":{"sfsi_plus_gutenberg_text_before_share":"","sfsi_plus_gutenberg_show_text_before_share":"","sfsi_plus_gutenberg_icon_type":"","sfsi_plus_gutenberg_icon_alignemt":"","sfsi_plus_gutenburg_max_per_row":"","footnotes":""},"categories":[6],"tags":[],"class_list":["post-76123","post","type-post","status-publish","format-standard","has-post-thumbnail","hentry","category-cidades"],"_links":{"self":[{"href":"https:\/\/www.caririemacao.com\/1\/wp-json\/wp\/v2\/posts\/76123","targetHints":{"allow":["GET"]}}],"collection":[{"href":"https:\/\/www.caririemacao.com\/1\/wp-json\/wp\/v2\/posts"}],"about":[{"href":"https:\/\/www.caririemacao.com\/1\/wp-json\/wp\/v2\/types\/post"}],"author":[{"embeddable":true,"href":"https:\/\/www.caririemacao.com\/1\/wp-json\/wp\/v2\/users\/1"}],"replies":[{"embeddable":true,"href":"https:\/\/www.caririemacao.com\/1\/wp-json\/wp\/v2\/comments?post=76123"}],"version-history":[{"count":1,"href":"https:\/\/www.caririemacao.com\/1\/wp-json\/wp\/v2\/posts\/76123\/revisions"}],"predecessor-version":[{"id":76124,"href":"https:\/\/www.caririemacao.com\/1\/wp-json\/wp\/v2\/posts\/76123\/revisions\/76124"}],"wp:featuredmedia":[{"embeddable":true,"href":"https:\/\/www.caririemacao.com\/1\/wp-json\/wp\/v2\/media\/44145"}],"wp:attachment":[{"href":"https:\/\/www.caririemacao.com\/1\/wp-json\/wp\/v2\/media?parent=76123"}],"wp:term":[{"taxonomy":"category","embeddable":true,"href":"https:\/\/www.caririemacao.com\/1\/wp-json\/wp\/v2\/categories?post=76123"},{"taxonomy":"post_tag","embeddable":true,"href":"https:\/\/www.caririemacao.com\/1\/wp-json\/wp\/v2\/tags?post=76123"}],"curies":[{"name":"wp","href":"https:\/\/api.w.org\/{rel}","templated":true}]}}