{"id":76127,"date":"2018-12-11T12:31:40","date_gmt":"2018-12-11T15:31:40","guid":{"rendered":"http:\/\/www.caririemacao.com\/1\/?p=76127"},"modified":"2018-12-11T12:31:40","modified_gmt":"2018-12-11T15:31:40","slug":"prefeitura-de-prata-prepara-terreno-para-um-novo-campo-de-futebol-na-zona-rural","status":"publish","type":"post","link":"https:\/\/www.caririemacao.com\/1\/2018\/12\/11\/prefeitura-de-prata-prepara-terreno-para-um-novo-campo-de-futebol-na-zona-rural\/","title":{"rendered":"Prefeitura de Prata prepara terreno para um novo campo de futebol na zona rural"},"content":{"rendered":"<p>Para atender os anseios dos desportistas do povoado do S\u00e3o Francisco, na zona rural de Prata, a Prefeitura Municipal atrav\u00e9s da Secretaria Municipal de Infraestrutura, est\u00e1 preparando um terreno para um novo campo de futebol que pertence a Senhora Selma, que cedeu gratuitamente e que ir\u00e1 servir aos desportistas daquela comunidade.De acordo com o Prefeito Junior N\u00f3brega, foi conclu\u00edda a prepara\u00e7\u00e3o e adequa\u00e7\u00e3o do terreno, atrav\u00e9s do servi\u00e7o de terraplanagem. \u201cEm breve o novo campo de futebol ter\u00e1 traves novas para que a comunidade possa praticar o futebol com a realiza\u00e7\u00e3o de treinos e torneios\u201d, disse o gestor.<\/p>\n<p>A Senhora Selma e seu genro Danilo Sabino (Janu), agradeceram pelo apoio que o prefeito Junior N\u00f3brega tem dado a comunidade para incentivar e promover a pratica do esporte.<\/p>\n<p>&nbsp;<\/p>\n<p>Ascom\/Prata<\/p>\n","protected":false},"excerpt":{"rendered":"<p>Para atender os anseios dos desportistas do povoado do S\u00e3o Francisco, na zona rural de Prata, a Prefeitura Municipal atrav\u00e9s da Secretaria Municipal de Infraestrutura,&hellip; <\/p>\n","protected":false},"author":1,"featured_media":38561,"comment_status":"closed","ping_status":"closed","sticky":false,"template":"","format":"standard","meta":{"sfsi_plus_gutenberg_text_before_share":"","sfsi_plus_gutenberg_show_text_before_share":"","sfsi_plus_gutenberg_icon_type":"","sfsi_plus_gutenberg_icon_alignemt":"","sfsi_plus_gutenburg_max_per_row":"","footnotes":""},"categories":[6],"tags":[],"class_list":["post-76127","post","type-post","status-publish","format-standard","has-post-thumbnail","hentry","category-cidades"],"_links":{"self":[{"href":"https:\/\/www.caririemacao.com\/1\/wp-json\/wp\/v2\/posts\/76127","targetHints":{"allow":["GET"]}}],"collection":[{"href":"https:\/\/www.caririemacao.com\/1\/wp-json\/wp\/v2\/posts"}],"about":[{"href":"https:\/\/www.caririemacao.com\/1\/wp-json\/wp\/v2\/types\/post"}],"author":[{"embeddable":true,"href":"https:\/\/www.caririemacao.com\/1\/wp-json\/wp\/v2\/users\/1"}],"replies":[{"embeddable":true,"href":"https:\/\/www.caririemacao.com\/1\/wp-json\/wp\/v2\/comments?post=76127"}],"version-history":[{"count":1,"href":"https:\/\/www.caririemacao.com\/1\/wp-json\/wp\/v2\/posts\/76127\/revisions"}],"predecessor-version":[{"id":76128,"href":"https:\/\/www.caririemacao.com\/1\/wp-json\/wp\/v2\/posts\/76127\/revisions\/76128"}],"wp:featuredmedia":[{"embeddable":true,"href":"https:\/\/www.caririemacao.com\/1\/wp-json\/wp\/v2\/media\/38561"}],"wp:attachment":[{"href":"https:\/\/www.caririemacao.com\/1\/wp-json\/wp\/v2\/media?parent=76127"}],"wp:term":[{"taxonomy":"category","embeddable":true,"href":"https:\/\/www.caririemacao.com\/1\/wp-json\/wp\/v2\/categories?post=76127"},{"taxonomy":"post_tag","embeddable":true,"href":"https:\/\/www.caririemacao.com\/1\/wp-json\/wp\/v2\/tags?post=76127"}],"curies":[{"name":"wp","href":"https:\/\/api.w.org\/{rel}","templated":true}]}}