{"id":76129,"date":"2018-12-11T12:33:52","date_gmt":"2018-12-11T15:33:52","guid":{"rendered":"http:\/\/www.caririemacao.com\/1\/?p=76129"},"modified":"2018-12-11T12:33:52","modified_gmt":"2018-12-11T15:33:52","slug":"inova-monteiro-trend-e-feira-de-caprinovinocultura-movimentam-cerca-de-r-18-milhao-no-cariri","status":"publish","type":"post","link":"https:\/\/www.caririemacao.com\/1\/2018\/12\/11\/inova-monteiro-trend-e-feira-de-caprinovinocultura-movimentam-cerca-de-r-18-milhao-no-cariri\/","title":{"rendered":"Inova Monteiro Trend e Feira de Caprinovinocultura movimentam cerca de R$ 1,8 milh\u00e3o no Cariri"},"content":{"rendered":"<p>Depois de tr\u00eas dias movimentando a economia do Cariri paraibano, a segunda edi\u00e7\u00e3o do Inova Monteiro Trend (IMT) e a 1\u00aa Feira de Caprinovinocultura de Monteiro foram encerradas no final de semana com um saldo bastante positivo, uma vez que conseguiram movimentar, nesse per\u00edodo, cerca de R$ 1,8 milh\u00e3o em neg\u00f3cios.Realizado pelo Sebrae Para\u00edba e pela Prefeitura de Monteiro, o IMT tinha como principal finalidade fortalecer a economia e os micro e pequenos neg\u00f3cios da regi\u00e3o atrav\u00e9s do est\u00edmulo \u00e0s pr\u00e1ticas empreendedoras, \u00e0 inova\u00e7\u00e3o e \u00e0 difus\u00e3o de tecnologias sociais.<\/p>\n<p>Para isso, entre a quinta-feira (6) e o s\u00e1bado (8), cerca de 40 empreendedores da regi\u00e3o expuseram e comercializaram seus produtos e servi\u00e7os dentro do evento, que tamb\u00e9m ofereceu espa\u00e7o para realiza\u00e7\u00e3o de diversos encontros de neg\u00f3cios.<\/p>\n<p>Com estrutura montada na Pra\u00e7a da Saudade, o IMT tamb\u00e9m ofereceu destaque aos empreendedores dos segmentos de moda e beleza do Cariri paraibano, atrav\u00e9s de um showroom para apresenta\u00e7\u00e3o dos produtos e servi\u00e7os dispon\u00edveis na regi\u00e3o. Al\u00e9m disso, na abertura do evento, o Inova Monteiro Trend ainda abriu espa\u00e7o para um desfile que exp\u00f4s as tend\u00eancias e apostas das empresas locais para os pr\u00f3ximos meses.<\/p>\n<p>J\u00e1 a 1\u00aa Feira de Caprinovinocultura de Monteiro, igualmente realizada na Pra\u00e7a da Saudade, reuniu produtores e empres\u00e1rios que integram a cadeia produtiva da caprinovinocultura, considerada uma das principais voca\u00e7\u00f5es econ\u00f4micas de Monteiro e diversos munic\u00edpios da regi\u00e3o.<\/p>\n<p>Al\u00e9m de palestras, oficinas e exposi\u00e7\u00e3o de animais, a programa\u00e7\u00e3o da feira tamb\u00e9m contou com um torneio leiteiro respons\u00e1vel pela distribui\u00e7\u00e3o de R$ 20 mil em pr\u00eamios. Eles foram entregues no \u00faltimo dia do evento que, entre outros objetivos, tamb\u00e9m foi realizado para marcar a conclus\u00e3o das atividades, na Para\u00edba, do projeto Sert\u00e3o Empreendedor.<\/p>\n<p>Criado pelo Sebrae Nacional e com atividades realizadas em v\u00e1rios estados do Nordeste, na Para\u00edba o Sert\u00e3o Empreendedor foi desenvolvido durante quatro anos, contribuindo de forma decisiva para incentivar, desenvolver e dar destaque as cadeias produtivas da caprinovinocultura, avicultura alternativa e bovinocultura.<\/p>\n<p>Na avalia\u00e7\u00e3o da gerente regional do Sebrae em Monteiro, Maria Madalena Arruda, os dois eventos, que receberam p\u00fablico superior a tr\u00eas mil pessoas, cumpriram com a miss\u00e3o de movimentar a economia de Monteiro e regi\u00e3o, dando destaque aos micro e pequenos empreendedores do Cariri paraibano.<\/p>\n<p>\u201cO sucesso dos dois eventos \u00e9 resultado de um projeto coletivo, que aglutinou os esfor\u00e7os de empreendedores do com\u00e9rcio, do setor de servi\u00e7os, do agroneg\u00f3cio, da ind\u00fastria, al\u00e9m do poder p\u00fablico e, especialmente, da sociedade, que contribui decisivamente para a dinamiza\u00e7\u00e3o econ\u00f4mica de Monteiro e regi\u00e3o\u201d, pontuou.<\/p>\n<p>&nbsp;<\/p>\n<p>Ascom\/Monteiro<\/p>\n","protected":false},"excerpt":{"rendered":"<p>Depois de tr\u00eas dias movimentando a economia do Cariri paraibano, a segunda edi\u00e7\u00e3o do Inova Monteiro Trend (IMT) e a 1\u00aa Feira de Caprinovinocultura de&hellip; <\/p>\n","protected":false},"author":1,"featured_media":39888,"comment_status":"closed","ping_status":"closed","sticky":false,"template":"","format":"standard","meta":{"sfsi_plus_gutenberg_text_before_share":"","sfsi_plus_gutenberg_show_text_before_share":"","sfsi_plus_gutenberg_icon_type":"","sfsi_plus_gutenberg_icon_alignemt":"","sfsi_plus_gutenburg_max_per_row":"","footnotes":""},"categories":[6],"tags":[],"class_list":["post-76129","post","type-post","status-publish","format-standard","has-post-thumbnail","hentry","category-cidades"],"_links":{"self":[{"href":"https:\/\/www.caririemacao.com\/1\/wp-json\/wp\/v2\/posts\/76129","targetHints":{"allow":["GET"]}}],"collection":[{"href":"https:\/\/www.caririemacao.com\/1\/wp-json\/wp\/v2\/posts"}],"about":[{"href":"https:\/\/www.caririemacao.com\/1\/wp-json\/wp\/v2\/types\/post"}],"author":[{"embeddable":true,"href":"https:\/\/www.caririemacao.com\/1\/wp-json\/wp\/v2\/users\/1"}],"replies":[{"embeddable":true,"href":"https:\/\/www.caririemacao.com\/1\/wp-json\/wp\/v2\/comments?post=76129"}],"version-history":[{"count":1,"href":"https:\/\/www.caririemacao.com\/1\/wp-json\/wp\/v2\/posts\/76129\/revisions"}],"predecessor-version":[{"id":76130,"href":"https:\/\/www.caririemacao.com\/1\/wp-json\/wp\/v2\/posts\/76129\/revisions\/76130"}],"wp:featuredmedia":[{"embeddable":true,"href":"https:\/\/www.caririemacao.com\/1\/wp-json\/wp\/v2\/media\/39888"}],"wp:attachment":[{"href":"https:\/\/www.caririemacao.com\/1\/wp-json\/wp\/v2\/media?parent=76129"}],"wp:term":[{"taxonomy":"category","embeddable":true,"href":"https:\/\/www.caririemacao.com\/1\/wp-json\/wp\/v2\/categories?post=76129"},{"taxonomy":"post_tag","embeddable":true,"href":"https:\/\/www.caririemacao.com\/1\/wp-json\/wp\/v2\/tags?post=76129"}],"curies":[{"name":"wp","href":"https:\/\/api.w.org\/{rel}","templated":true}]}}