{"id":76136,"date":"2018-12-11T12:45:08","date_gmt":"2018-12-11T15:45:08","guid":{"rendered":"http:\/\/www.caririemacao.com\/1\/?p=76136"},"modified":"2018-12-11T12:45:08","modified_gmt":"2018-12-11T15:45:08","slug":"definidos-os-finalistas-da-copa-dr-chico-de-futebol-amador-da-cidade-de-monteiro","status":"publish","type":"post","link":"https:\/\/www.caririemacao.com\/1\/2018\/12\/11\/definidos-os-finalistas-da-copa-dr-chico-de-futebol-amador-da-cidade-de-monteiro\/","title":{"rendered":"Definidos os finalistas da Copa Dr. Chico de Futebol Amador da cidade de Monteiro"},"content":{"rendered":"<p>Duas partidas foram realizadas neste domingo, 9, pelas semifinais, com 05 gols marcados, uma m\u00e9dia de 2,5 por partida.Pela manh\u00e3 no est\u00e1dio O Feitos\u00e3o, Gamileira e Barrad\u00e3o empataram pelo placar de 2 a 2 no tempo normal e nos p\u00eanaltis vit\u00f3ria de 3 a 2 da Gamileira.<\/p>\n<p>J\u00e1 no hor\u00e1rio da tarde, \u00e0s 15h:30, o atual campe\u00e3o S\u00edtio do Meio venceu o Angiquinho pelo placar de 1 a 0.<\/p>\n<p>Com estes resultados, no pr\u00f3ximo domingo, 16, S\u00edtio do Meio e Gamileira decidem o 1\u00ba lugar \u00e0s 16:00, enquanto que a decis\u00e3o de 3\u00ba e 4\u00ba lugar ser\u00e1 disputada na preliminar da grande final, entre as equipes do Barrad\u00e3o e Angiquinho.<\/p>\n<p>NOVIDADE E ATRA\u00c7\u00d5ES<\/p>\n<p>A Secretaria de Esportes est\u00e1 ultimando os detalhes para realiza\u00e7\u00e3o de uma programa\u00e7\u00e3o especial a decis\u00e3o da competi\u00e7\u00e3o, pr\u00f3ximo do domingo (16).<\/p>\n<p>Durante a semana o secretario de Esportes, Rostand Chaves e a prefeita Anna Lorena devem anunciar a realiza\u00e7\u00e3o de um jogo festivo com a participa\u00e7\u00e3o de ex atletas de destaque da Para\u00edba, enfrentando um selecionado da cidade de Monteiro.<\/p>\n<p>A Copa Dr. Chico de Futebol Amador \u00e9 uma realiza\u00e7\u00e3o da Prefeitura Municipal de Monteiro, atrav\u00e9s da Secretaria de Esportes com o apoio do Armaz\u00e9m Para\u00edba.<\/p>\n","protected":false},"excerpt":{"rendered":"<p>Duas partidas foram realizadas neste domingo, 9, pelas semifinais, com 05 gols marcados, uma m\u00e9dia de 2,5 por partida.Pela manh\u00e3 no est\u00e1dio O Feitos\u00e3o, Gamileira&hellip; <\/p>\n","protected":false},"author":1,"featured_media":20685,"comment_status":"closed","ping_status":"closed","sticky":false,"template":"","format":"standard","meta":{"sfsi_plus_gutenberg_text_before_share":"","sfsi_plus_gutenberg_show_text_before_share":"","sfsi_plus_gutenberg_icon_type":"","sfsi_plus_gutenberg_icon_alignemt":"","sfsi_plus_gutenburg_max_per_row":"","footnotes":""},"categories":[13],"tags":[],"class_list":["post-76136","post","type-post","status-publish","format-standard","has-post-thumbnail","hentry","category-esportes"],"_links":{"self":[{"href":"https:\/\/www.caririemacao.com\/1\/wp-json\/wp\/v2\/posts\/76136","targetHints":{"allow":["GET"]}}],"collection":[{"href":"https:\/\/www.caririemacao.com\/1\/wp-json\/wp\/v2\/posts"}],"about":[{"href":"https:\/\/www.caririemacao.com\/1\/wp-json\/wp\/v2\/types\/post"}],"author":[{"embeddable":true,"href":"https:\/\/www.caririemacao.com\/1\/wp-json\/wp\/v2\/users\/1"}],"replies":[{"embeddable":true,"href":"https:\/\/www.caririemacao.com\/1\/wp-json\/wp\/v2\/comments?post=76136"}],"version-history":[{"count":1,"href":"https:\/\/www.caririemacao.com\/1\/wp-json\/wp\/v2\/posts\/76136\/revisions"}],"predecessor-version":[{"id":76137,"href":"https:\/\/www.caririemacao.com\/1\/wp-json\/wp\/v2\/posts\/76136\/revisions\/76137"}],"wp:featuredmedia":[{"embeddable":true,"href":"https:\/\/www.caririemacao.com\/1\/wp-json\/wp\/v2\/media\/20685"}],"wp:attachment":[{"href":"https:\/\/www.caririemacao.com\/1\/wp-json\/wp\/v2\/media?parent=76136"}],"wp:term":[{"taxonomy":"category","embeddable":true,"href":"https:\/\/www.caririemacao.com\/1\/wp-json\/wp\/v2\/categories?post=76136"},{"taxonomy":"post_tag","embeddable":true,"href":"https:\/\/www.caririemacao.com\/1\/wp-json\/wp\/v2\/tags?post=76136"}],"curies":[{"name":"wp","href":"https:\/\/api.w.org\/{rel}","templated":true}]}}