{"id":76146,"date":"2018-12-11T12:52:34","date_gmt":"2018-12-11T15:52:34","guid":{"rendered":"http:\/\/www.caririemacao.com\/1\/?p=76146"},"modified":"2018-12-11T12:52:34","modified_gmt":"2018-12-11T15:52:34","slug":"joao-pessoa-esta-no-top-10-dos-destinos-mais-procurados-para-janeiro-de-2019","status":"publish","type":"post","link":"https:\/\/www.caririemacao.com\/1\/2018\/12\/11\/joao-pessoa-esta-no-top-10-dos-destinos-mais-procurados-para-janeiro-de-2019\/","title":{"rendered":"Jo\u00e3o Pessoa est\u00e1 no Top 10 dos destinos mais procurados para janeiro de 2019"},"content":{"rendered":"<p>Jo\u00e3o Pessoa est\u00e1 no Top 10 dos destinos mais buscados para o per\u00edodo de janeiro de 2019, conforme informa\u00e7\u00f5es do Voopter \u2013 aplicativo brasileiro especializado na compara\u00e7\u00e3o de pre\u00e7os de passagens a\u00e9reas.<\/p>\n<p>O levantamento foi realizado para identificar as cidades mais buscadas e com as melhores ofertas para viajar nas f\u00e9rias de janeiro. A an\u00e1lise levou em considera\u00e7\u00e3o o per\u00edodo de 1 de setembro a 11 de novembro.<\/p>\n<p>Segundo a plataforma, a capital paraibana est\u00e1 entre os oito destinos nacionais mais buscados pelos viajantes para janeiro junto com Fortaleza, Recife, Salvador, Macei\u00f3, Rio de Janeiro, S\u00e3o Paulo e Natal. O Voopter j\u00e1 havia indicado Jo\u00e3o Pessoa como um dos cinco destinos mais buscados para curtir as festas de final de ano.<\/p>\n<p>\u201cO ver\u00e3o combina com Nordeste e no nosso top 5 os quatro destinos mais buscados s\u00e3o para capitais nordestinas. \u00c9 n\u00edtido o aumento de buscas para essa regi\u00e3o nesta \u00e9poca do ano e em feriados prolongados. \u00c9 uma tend\u00eancia que deve durar at\u00e9 mar\u00e7o, p\u00f3s-Carnaval\u201d, afirma a general manager do Voopter, Juliana Vital.<\/p>\n<p>Para a presidente da Empresa Paraibana de Turismo (PBTur), Ruth Avelino, o levantamento confirma a expectativa de um maior fluxo de turistas em Jo\u00e3o Pessoa no per\u00edodo de ver\u00e3o, tendo em vista a opera\u00e7\u00e3o de mais de 270 voos extras anunciada pelas tr\u00eas das quatro companhias a\u00e9reas (Gol, Azul e Avianca) que operam no Aeroporto Internacional Presidente Castro Pinto.<\/p>\n","protected":false},"excerpt":{"rendered":"<p>Jo\u00e3o Pessoa est\u00e1 no Top 10 dos destinos mais buscados para o per\u00edodo de janeiro de 2019, conforme informa\u00e7\u00f5es do Voopter \u2013 aplicativo brasileiro especializado&hellip; <\/p>\n","protected":false},"author":1,"featured_media":29276,"comment_status":"closed","ping_status":"closed","sticky":false,"template":"","format":"standard","meta":{"sfsi_plus_gutenberg_text_before_share":"","sfsi_plus_gutenberg_show_text_before_share":"","sfsi_plus_gutenberg_icon_type":"","sfsi_plus_gutenberg_icon_alignemt":"","sfsi_plus_gutenburg_max_per_row":"","footnotes":""},"categories":[50,2],"tags":[],"class_list":["post-76146","post","type-post","status-publish","format-standard","has-post-thumbnail","hentry","category-destaque","category-geral"],"_links":{"self":[{"href":"https:\/\/www.caririemacao.com\/1\/wp-json\/wp\/v2\/posts\/76146","targetHints":{"allow":["GET"]}}],"collection":[{"href":"https:\/\/www.caririemacao.com\/1\/wp-json\/wp\/v2\/posts"}],"about":[{"href":"https:\/\/www.caririemacao.com\/1\/wp-json\/wp\/v2\/types\/post"}],"author":[{"embeddable":true,"href":"https:\/\/www.caririemacao.com\/1\/wp-json\/wp\/v2\/users\/1"}],"replies":[{"embeddable":true,"href":"https:\/\/www.caririemacao.com\/1\/wp-json\/wp\/v2\/comments?post=76146"}],"version-history":[{"count":1,"href":"https:\/\/www.caririemacao.com\/1\/wp-json\/wp\/v2\/posts\/76146\/revisions"}],"predecessor-version":[{"id":76147,"href":"https:\/\/www.caririemacao.com\/1\/wp-json\/wp\/v2\/posts\/76146\/revisions\/76147"}],"wp:featuredmedia":[{"embeddable":true,"href":"https:\/\/www.caririemacao.com\/1\/wp-json\/wp\/v2\/media\/29276"}],"wp:attachment":[{"href":"https:\/\/www.caririemacao.com\/1\/wp-json\/wp\/v2\/media?parent=76146"}],"wp:term":[{"taxonomy":"category","embeddable":true,"href":"https:\/\/www.caririemacao.com\/1\/wp-json\/wp\/v2\/categories?post=76146"},{"taxonomy":"post_tag","embeddable":true,"href":"https:\/\/www.caririemacao.com\/1\/wp-json\/wp\/v2\/tags?post=76146"}],"curies":[{"name":"wp","href":"https:\/\/api.w.org\/{rel}","templated":true}]}}