{"id":76148,"date":"2018-12-11T12:54:09","date_gmt":"2018-12-11T15:54:09","guid":{"rendered":"http:\/\/www.caririemacao.com\/1\/?p=76148"},"modified":"2018-12-11T12:54:09","modified_gmt":"2018-12-11T15:54:09","slug":"o-cerco-se-fecha-casa-de-ex-assessor-de-flavio-bolsonaro-que-movimentou-r-12-milhao-e-simples","status":"publish","type":"post","link":"https:\/\/www.caririemacao.com\/1\/2018\/12\/11\/o-cerco-se-fecha-casa-de-ex-assessor-de-flavio-bolsonaro-que-movimentou-r-12-milhao-e-simples\/","title":{"rendered":"O cerco se fecha: casa de ex-assessor de Fl\u00e1vio Bolsonaro, que movimentou R$ 1,2 milh\u00e3o, \u00e9 simples"},"content":{"rendered":"<p>O ex-assessor de Fl\u00e1vio Bolsonaro citado em relat\u00f3rio do Coaf por conta da \u201cmovimenta\u00e7\u00e3o at\u00edpica\u201d de R$ 1,2 milh\u00e3o entre 2016 e 2017 mora em uma casa simples e sem pintura externa, em um beco no bairro da Taquara, na Zona Oeste do Rio, mostra o Globo.<\/p>\n<p><em>Na viela onde Queiroz mora com a mulher, M\u00e1rcia Aguiar, os im\u00f3veis s\u00e3o colados uns aos outros. No beco h\u00e1 varais improvisados do lado de fora das casas, fios emaranhados e canos aparentes. Na casa de Queiroz, um adesivo rasgado com as fotos do presidente eleito Jair Bolsonaro e de seu filho Carlos, vereador no Rio, est\u00e1 colado na fachada. No segundo andar, que tem a laje sem revestimento, tapetes secavam no parapeito ainda sem janela.<\/em><\/p>\n<p><em>No port\u00e3o que d\u00e1 acesso ao conjunto de aproximadamente 70 casas, distribu\u00eddas em uma rua mais larga e vielas, h\u00e1 um aviso de que a \u00e1rea \u00e9 monitorada 24 horas.<\/em><\/p>\n<p><em>O GLOBO esteve na segunda-feira na resid\u00eancia de Queiroz, mas n\u00e3o encontrou nem ele e nem a mulher, M\u00e1rcia. Vizinhos confirmaram que o casal vive na casa.<\/em><\/p>\n<p><em>O relat\u00f3rio do Coaf que cita Queiroz foi anexado \u00e0 Opera\u00e7\u00e3o Furna da On\u00e7a, que prendeu deputados estaduais. O Minist\u00e9rio P\u00fablico do Rio j\u00e1 tem procedimentos em curso, que correm sob sigilo, para investigar poss\u00edveis irregularidades cometidas por servidores da Assembleia Legislativa do Rio (Alerj), com base no relat\u00f3rio do Coaf. <\/em><\/p>\n<p><em>O MP n\u00e3o esclarece se as movimenta\u00e7\u00f5es financeiras de Queiroz est\u00e3o sob investiga\u00e7\u00e3o.<\/em><\/p>\n","protected":false},"excerpt":{"rendered":"<p>O ex-assessor de Fl\u00e1vio Bolsonaro citado em relat\u00f3rio do Coaf por conta da \u201cmovimenta\u00e7\u00e3o at\u00edpica\u201d de R$ 1,2 milh\u00e3o entre 2016 e 2017 mora em&hellip; <\/p>\n","protected":false},"author":1,"featured_media":76149,"comment_status":"closed","ping_status":"closed","sticky":false,"template":"","format":"standard","meta":{"sfsi_plus_gutenberg_text_before_share":"","sfsi_plus_gutenberg_show_text_before_share":"","sfsi_plus_gutenberg_icon_type":"","sfsi_plus_gutenberg_icon_alignemt":"","sfsi_plus_gutenburg_max_per_row":"","footnotes":""},"categories":[11],"tags":[],"class_list":["post-76148","post","type-post","status-publish","format-standard","has-post-thumbnail","hentry","category-politica"],"_links":{"self":[{"href":"https:\/\/www.caririemacao.com\/1\/wp-json\/wp\/v2\/posts\/76148","targetHints":{"allow":["GET"]}}],"collection":[{"href":"https:\/\/www.caririemacao.com\/1\/wp-json\/wp\/v2\/posts"}],"about":[{"href":"https:\/\/www.caririemacao.com\/1\/wp-json\/wp\/v2\/types\/post"}],"author":[{"embeddable":true,"href":"https:\/\/www.caririemacao.com\/1\/wp-json\/wp\/v2\/users\/1"}],"replies":[{"embeddable":true,"href":"https:\/\/www.caririemacao.com\/1\/wp-json\/wp\/v2\/comments?post=76148"}],"version-history":[{"count":1,"href":"https:\/\/www.caririemacao.com\/1\/wp-json\/wp\/v2\/posts\/76148\/revisions"}],"predecessor-version":[{"id":76150,"href":"https:\/\/www.caririemacao.com\/1\/wp-json\/wp\/v2\/posts\/76148\/revisions\/76150"}],"wp:featuredmedia":[{"embeddable":true,"href":"https:\/\/www.caririemacao.com\/1\/wp-json\/wp\/v2\/media\/76149"}],"wp:attachment":[{"href":"https:\/\/www.caririemacao.com\/1\/wp-json\/wp\/v2\/media?parent=76148"}],"wp:term":[{"taxonomy":"category","embeddable":true,"href":"https:\/\/www.caririemacao.com\/1\/wp-json\/wp\/v2\/categories?post=76148"},{"taxonomy":"post_tag","embeddable":true,"href":"https:\/\/www.caririemacao.com\/1\/wp-json\/wp\/v2\/tags?post=76148"}],"curies":[{"name":"wp","href":"https:\/\/api.w.org\/{rel}","templated":true}]}}