{"id":76156,"date":"2018-12-11T13:04:44","date_gmt":"2018-12-11T16:04:44","guid":{"rendered":"http:\/\/www.caririemacao.com\/1\/?p=76156"},"modified":"2018-12-11T13:04:44","modified_gmt":"2018-12-11T16:04:44","slug":"enem-sera-reaplicado-para-27-mil-estudantes-em-16-municipios","status":"publish","type":"post","link":"https:\/\/www.caririemacao.com\/1\/2018\/12\/11\/enem-sera-reaplicado-para-27-mil-estudantes-em-16-municipios\/","title":{"rendered":"Enem ser\u00e1 reaplicado para 2,7 mil estudantes em 16 munic\u00edpios"},"content":{"rendered":"<p>O Exame Nacional do Ensino M\u00e9dio (Enem) 2018 ser\u00e1 reaplicado hoje (11) e amanh\u00e3 (12) para 2,7 mil estudantes em 16 munic\u00edpios. S\u00e3o candidatos que tiveram o exame cancelado devido a intercorr\u00eancias log\u00edsticas como falta de luz e outros imprevistos.<\/p>\n<p>O Enem tamb\u00e9m ser\u00e1 aplicado, na mesma data, para Pessoas Privadas de Liberdade e Jovens sob Medida Socioeducativa que inclua priva\u00e7\u00e3o de liberdade (Enem PPL). Este ano, o Enem PPL teve 41.044 inscri\u00e7\u00f5es e ser\u00e1 aplicado em 1.436 unidades em todos os estados brasileiros.<\/p>\n<p>O Enem regular foi aplicado nos dias 4 e 11 de novembro em 1,7 mil munic\u00edpios. Mais de 4 milh\u00f5es de estudantes participaram do exame. As notas do Enem podem ser usadas para concorrer a vagas no ensino superior p\u00fablico pelo Sistema de Sele\u00e7\u00e3o Unificada (Sisu), a bolsas de estudo em institui\u00e7\u00f5es privadas pelo Programa Universidade para Todos (ProUni) e a vagas no Fundo de Financiamento Estudantil (Fies).<\/p>\n","protected":false},"excerpt":{"rendered":"<p>O Exame Nacional do Ensino M\u00e9dio (Enem) 2018 ser\u00e1 reaplicado hoje (11) e amanh\u00e3 (12) para 2,7 mil estudantes em 16 munic\u00edpios. S\u00e3o candidatos que&hellip; <\/p>\n","protected":false},"author":1,"featured_media":68697,"comment_status":"closed","ping_status":"closed","sticky":false,"template":"","format":"standard","meta":{"sfsi_plus_gutenberg_text_before_share":"","sfsi_plus_gutenberg_show_text_before_share":"","sfsi_plus_gutenberg_icon_type":"","sfsi_plus_gutenberg_icon_alignemt":"","sfsi_plus_gutenburg_max_per_row":"","footnotes":""},"categories":[14],"tags":[],"class_list":["post-76156","post","type-post","status-publish","format-standard","has-post-thumbnail","hentry","category-educacao"],"_links":{"self":[{"href":"https:\/\/www.caririemacao.com\/1\/wp-json\/wp\/v2\/posts\/76156","targetHints":{"allow":["GET"]}}],"collection":[{"href":"https:\/\/www.caririemacao.com\/1\/wp-json\/wp\/v2\/posts"}],"about":[{"href":"https:\/\/www.caririemacao.com\/1\/wp-json\/wp\/v2\/types\/post"}],"author":[{"embeddable":true,"href":"https:\/\/www.caririemacao.com\/1\/wp-json\/wp\/v2\/users\/1"}],"replies":[{"embeddable":true,"href":"https:\/\/www.caririemacao.com\/1\/wp-json\/wp\/v2\/comments?post=76156"}],"version-history":[{"count":1,"href":"https:\/\/www.caririemacao.com\/1\/wp-json\/wp\/v2\/posts\/76156\/revisions"}],"predecessor-version":[{"id":76157,"href":"https:\/\/www.caririemacao.com\/1\/wp-json\/wp\/v2\/posts\/76156\/revisions\/76157"}],"wp:featuredmedia":[{"embeddable":true,"href":"https:\/\/www.caririemacao.com\/1\/wp-json\/wp\/v2\/media\/68697"}],"wp:attachment":[{"href":"https:\/\/www.caririemacao.com\/1\/wp-json\/wp\/v2\/media?parent=76156"}],"wp:term":[{"taxonomy":"category","embeddable":true,"href":"https:\/\/www.caririemacao.com\/1\/wp-json\/wp\/v2\/categories?post=76156"},{"taxonomy":"post_tag","embeddable":true,"href":"https:\/\/www.caririemacao.com\/1\/wp-json\/wp\/v2\/tags?post=76156"}],"curies":[{"name":"wp","href":"https:\/\/api.w.org\/{rel}","templated":true}]}}