{"id":76158,"date":"2018-12-11T13:07:03","date_gmt":"2018-12-11T16:07:03","guid":{"rendered":"http:\/\/www.caririemacao.com\/1\/?p=76158"},"modified":"2018-12-11T13:07:03","modified_gmt":"2018-12-11T16:07:03","slug":"adolescente-de-15-anos-morre-afogado-apos-entrar-em-acude-para-salvar-cachorro-em-queimadas","status":"publish","type":"post","link":"https:\/\/www.caririemacao.com\/1\/2018\/12\/11\/adolescente-de-15-anos-morre-afogado-apos-entrar-em-acude-para-salvar-cachorro-em-queimadas\/","title":{"rendered":"Adolescente de 15 anos morre afogado ap\u00f3s entrar em a\u00e7ude para salvar cachorro em Queimadas"},"content":{"rendered":"<p>Um adolescente de 15 anos morreu afogado\u00a0nesta segunda-feira (10), ap\u00f3s entrar em a\u00e7ude para salvar cachorro, em Queimadas, na Para\u00edba.\u00a0O afogamento aconteceu em um local conhecido como \u2018A\u00e7\u00fade de Dona Dora\u2019, no Centro da cidade.<\/p>\n<p>O Corpo do Bombeiros foi acionado e socorreu o jovem para o Hospital de Queimadas, mas ele j\u00e1 chegou na unidade de sa\u00fade sem vida.<\/p>\n<p>&nbsp;<\/p>\n<p>ClickPB<\/p>\n","protected":false},"excerpt":{"rendered":"<p>Um adolescente de 15 anos morreu afogado\u00a0nesta segunda-feira (10), ap\u00f3s entrar em a\u00e7ude para salvar cachorro, em Queimadas, na Para\u00edba.\u00a0O afogamento aconteceu em um local&hellip; <\/p>\n","protected":false},"author":1,"featured_media":3937,"comment_status":"closed","ping_status":"closed","sticky":false,"template":"","format":"standard","meta":{"sfsi_plus_gutenberg_text_before_share":"","sfsi_plus_gutenberg_show_text_before_share":"","sfsi_plus_gutenberg_icon_type":"","sfsi_plus_gutenberg_icon_alignemt":"","sfsi_plus_gutenburg_max_per_row":"","footnotes":""},"categories":[12],"tags":[],"class_list":["post-76158","post","type-post","status-publish","format-standard","has-post-thumbnail","hentry","category-policia"],"_links":{"self":[{"href":"https:\/\/www.caririemacao.com\/1\/wp-json\/wp\/v2\/posts\/76158","targetHints":{"allow":["GET"]}}],"collection":[{"href":"https:\/\/www.caririemacao.com\/1\/wp-json\/wp\/v2\/posts"}],"about":[{"href":"https:\/\/www.caririemacao.com\/1\/wp-json\/wp\/v2\/types\/post"}],"author":[{"embeddable":true,"href":"https:\/\/www.caririemacao.com\/1\/wp-json\/wp\/v2\/users\/1"}],"replies":[{"embeddable":true,"href":"https:\/\/www.caririemacao.com\/1\/wp-json\/wp\/v2\/comments?post=76158"}],"version-history":[{"count":1,"href":"https:\/\/www.caririemacao.com\/1\/wp-json\/wp\/v2\/posts\/76158\/revisions"}],"predecessor-version":[{"id":76159,"href":"https:\/\/www.caririemacao.com\/1\/wp-json\/wp\/v2\/posts\/76158\/revisions\/76159"}],"wp:featuredmedia":[{"embeddable":true,"href":"https:\/\/www.caririemacao.com\/1\/wp-json\/wp\/v2\/media\/3937"}],"wp:attachment":[{"href":"https:\/\/www.caririemacao.com\/1\/wp-json\/wp\/v2\/media?parent=76158"}],"wp:term":[{"taxonomy":"category","embeddable":true,"href":"https:\/\/www.caririemacao.com\/1\/wp-json\/wp\/v2\/categories?post=76158"},{"taxonomy":"post_tag","embeddable":true,"href":"https:\/\/www.caririemacao.com\/1\/wp-json\/wp\/v2\/tags?post=76158"}],"curies":[{"name":"wp","href":"https:\/\/api.w.org\/{rel}","templated":true}]}}