{"id":76163,"date":"2018-12-11T13:12:43","date_gmt":"2018-12-11T16:12:43","guid":{"rendered":"http:\/\/www.caririemacao.com\/1\/?p=76163"},"modified":"2018-12-11T13:12:43","modified_gmt":"2018-12-11T16:12:43","slug":"joao-vai-a-brasilia-para-discutir-politicas-de-seguranca-publica-em-forum-de-governadores","status":"publish","type":"post","link":"https:\/\/www.caririemacao.com\/1\/2018\/12\/11\/joao-vai-a-brasilia-para-discutir-politicas-de-seguranca-publica-em-forum-de-governadores\/","title":{"rendered":"Jo\u00e3o vai a Bras\u00edlia para discutir pol\u00edticas de seguran\u00e7a p\u00fablica em F\u00f3rum de Governadores"},"content":{"rendered":"<p>O governador eleito da Para\u00edba, Jo\u00e3o Azev\u00eado (PSB), participa nesta quarta-feira (12), em Bras\u00edlia, do F\u00f3rum de Governadores. O presidente do Supremo Tribunal Federal (STF), ministro Dias Toffoli, o presidente do Superior Tribunal de Justi\u00e7a (STJ), ministro Jo\u00e3o Ot\u00e1vio de Noronha, o ministro da Seguran\u00e7a P\u00fablica, Raul Jungmann, e o futuro ministro da Justi\u00e7a, S\u00e9rgio Moro, tamb\u00e9m estar\u00e3o presentes no encontro que debater\u00e1 pol\u00edticas para a \u00e1rea da seguran\u00e7a p\u00fablica.<\/p>\n<p>Jo\u00e3o Azev\u00eado afirmou que propostas para o aumento das for\u00e7as policiais e amplia\u00e7\u00e3o de financiamentos para a aquisi\u00e7\u00e3o de equipamentos de seguran\u00e7a estar\u00e3o na pauta da reuni\u00e3o.<\/p>\n<p>\u201cMuita coisa precisa ser implementada. O Brasil \u00e9 um pa\u00eds que tem uma fronteira imensa e, tudo isso, reflete na seguran\u00e7a dos Estados, se n\u00e3o houver um cuidado adequado. N\u00f3s precisamos fazer com que os Estados possam ter seus Centros de Monitoramento e Controle conectados com os Centros Regionais\u201d, analisou.<\/p>\n<p>Na \u00faltima semana, Jo\u00e3o participou de encontros com os governadores eleitos do Nordeste e com os presidentes do Senado Federal e da C\u00e2mara Federal, Eun\u00edcio Oliveira e Rodrigo Maia, respectivamente, para discutir a tramita\u00e7\u00e3o de projetos que asseguram mais recursos para investimentos nos Estados, a exemplo da securitiza\u00e7\u00e3o da d\u00edvida ativa e a regula\u00e7\u00e3o da cess\u00e3o onerosa de g\u00e1s e petr\u00f3leo.<\/p>\n<p>Os governadores eleitos do Nordeste tamb\u00e9m j\u00e1 pleitearam uma audi\u00eancia com o presidente diplomado Jair Bolsonaro para debater as principais demandas da Regi\u00e3o.<\/p>\n<p>&nbsp;<\/p>\n<p>ClickPB<\/p>\n","protected":false},"excerpt":{"rendered":"<p>O governador eleito da Para\u00edba, Jo\u00e3o Azev\u00eado (PSB), participa nesta quarta-feira (12), em Bras\u00edlia, do F\u00f3rum de Governadores. O presidente do Supremo Tribunal Federal (STF),&hellip; <\/p>\n","protected":false},"author":1,"featured_media":67397,"comment_status":"closed","ping_status":"closed","sticky":false,"template":"","format":"standard","meta":{"sfsi_plus_gutenberg_text_before_share":"","sfsi_plus_gutenberg_show_text_before_share":"","sfsi_plus_gutenberg_icon_type":"","sfsi_plus_gutenberg_icon_alignemt":"","sfsi_plus_gutenburg_max_per_row":"","footnotes":""},"categories":[11],"tags":[],"class_list":["post-76163","post","type-post","status-publish","format-standard","has-post-thumbnail","hentry","category-politica"],"_links":{"self":[{"href":"https:\/\/www.caririemacao.com\/1\/wp-json\/wp\/v2\/posts\/76163","targetHints":{"allow":["GET"]}}],"collection":[{"href":"https:\/\/www.caririemacao.com\/1\/wp-json\/wp\/v2\/posts"}],"about":[{"href":"https:\/\/www.caririemacao.com\/1\/wp-json\/wp\/v2\/types\/post"}],"author":[{"embeddable":true,"href":"https:\/\/www.caririemacao.com\/1\/wp-json\/wp\/v2\/users\/1"}],"replies":[{"embeddable":true,"href":"https:\/\/www.caririemacao.com\/1\/wp-json\/wp\/v2\/comments?post=76163"}],"version-history":[{"count":1,"href":"https:\/\/www.caririemacao.com\/1\/wp-json\/wp\/v2\/posts\/76163\/revisions"}],"predecessor-version":[{"id":76164,"href":"https:\/\/www.caririemacao.com\/1\/wp-json\/wp\/v2\/posts\/76163\/revisions\/76164"}],"wp:featuredmedia":[{"embeddable":true,"href":"https:\/\/www.caririemacao.com\/1\/wp-json\/wp\/v2\/media\/67397"}],"wp:attachment":[{"href":"https:\/\/www.caririemacao.com\/1\/wp-json\/wp\/v2\/media?parent=76163"}],"wp:term":[{"taxonomy":"category","embeddable":true,"href":"https:\/\/www.caririemacao.com\/1\/wp-json\/wp\/v2\/categories?post=76163"},{"taxonomy":"post_tag","embeddable":true,"href":"https:\/\/www.caririemacao.com\/1\/wp-json\/wp\/v2\/tags?post=76163"}],"curies":[{"name":"wp","href":"https:\/\/api.w.org\/{rel}","templated":true}]}}