{"id":76165,"date":"2018-12-11T13:28:41","date_gmt":"2018-12-11T16:28:41","guid":{"rendered":"http:\/\/www.caririemacao.com\/1\/?p=76165"},"modified":"2018-12-11T13:28:41","modified_gmt":"2018-12-11T16:28:41","slug":"bolsonaro-se-reune-nesta-semana-com-governador-eleito-de-sc-psd-bombeiros-e-pms","status":"publish","type":"post","link":"https:\/\/www.caririemacao.com\/1\/2018\/12\/11\/bolsonaro-se-reune-nesta-semana-com-governador-eleito-de-sc-psd-bombeiros-e-pms\/","title":{"rendered":"Bolsonaro se re\u00fane nesta semana com governador eleito de SC, PSD, bombeiros e PMs"},"content":{"rendered":"<p>Um dia depois de ser diplomado pelo Tribunal Superior Eleitoral (TSE) e pedir o apoio de todos, inclusive dos que n\u00e3o votaram nele, para governar, o presidente eleito, Jair Bolsonaro, retoma hoje em Bras\u00edlia (11) a agenda repleta de compromissos. O dia come\u00e7a cedo com encontro com bombeiros e policiais militares.<\/p>\n<p>Bolsonaro se re\u00fane com o governador eleito de Santa Catarina, Carlos Mois\u00e9s da Silva (PSL), um dos seus principais aliados. Durante a campanha eleitoral, Mois\u00e9s, que \u00e9 coronel do Corpo de Bombeiros, n\u00e3o era apontado como favorito. Por\u00e9m, venceu as elei\u00e7\u00f5es.<\/p>\n<p>No final da tarde, o presidente eleito e o ministro extraordin\u00e1rio de transi\u00e7\u00e3o, Onyx Lorenzoni, que assumir\u00e1 a Casa Civil, t\u00eam encontro marcado com a bancada do PSD. Amanh\u00e3 ser\u00e1 a vez de se reunir com\u00a0 o DEM, PSL e PP, al\u00e9m do governador eleito do Rio Grande do Sul, Eduardo Leite (PSDB).<\/p>\n<p>A expectativa \u00e9 em torno da reuni\u00e3o com o PSL, que \u00e9 o seu partido, pois Bolsonaro tentar\u00e1 dirimir as diverg\u00eancias internas que geraram troca de acusa\u00e7\u00f5es. A sigla foi a que mais cresceu nas elei\u00e7\u00f5es deste ano, ganhando 42 novos deputados e se tornando a segunda maior bancada da C\u00e2mara, atr\u00e1s apenas do PT, que tem 56.<\/p>\n<p>Na semana passada, o presidente eleito conversou com integrantes do MDB, PRB, PR e PSDB.<\/p>\n<p>Amanh\u00e3 (12), o presidente eleito almo\u00e7a com a sua turma de formandos da Academia Militar das Agulhas Negras (Aman), no Clube do Ex\u00e9rcito.<\/p>\n<p>&nbsp;<\/p>\n<p>Ag\u00eancia Brasil<\/p>\n","protected":false},"excerpt":{"rendered":"<p>Um dia depois de ser diplomado pelo Tribunal Superior Eleitoral (TSE) e pedir o apoio de todos, inclusive dos que n\u00e3o votaram nele, para governar,&hellip; <\/p>\n","protected":false},"author":1,"featured_media":72536,"comment_status":"closed","ping_status":"closed","sticky":false,"template":"","format":"standard","meta":{"sfsi_plus_gutenberg_text_before_share":"","sfsi_plus_gutenberg_show_text_before_share":"","sfsi_plus_gutenberg_icon_type":"","sfsi_plus_gutenberg_icon_alignemt":"","sfsi_plus_gutenburg_max_per_row":"","footnotes":""},"categories":[11],"tags":[],"class_list":["post-76165","post","type-post","status-publish","format-standard","has-post-thumbnail","hentry","category-politica"],"_links":{"self":[{"href":"https:\/\/www.caririemacao.com\/1\/wp-json\/wp\/v2\/posts\/76165","targetHints":{"allow":["GET"]}}],"collection":[{"href":"https:\/\/www.caririemacao.com\/1\/wp-json\/wp\/v2\/posts"}],"about":[{"href":"https:\/\/www.caririemacao.com\/1\/wp-json\/wp\/v2\/types\/post"}],"author":[{"embeddable":true,"href":"https:\/\/www.caririemacao.com\/1\/wp-json\/wp\/v2\/users\/1"}],"replies":[{"embeddable":true,"href":"https:\/\/www.caririemacao.com\/1\/wp-json\/wp\/v2\/comments?post=76165"}],"version-history":[{"count":1,"href":"https:\/\/www.caririemacao.com\/1\/wp-json\/wp\/v2\/posts\/76165\/revisions"}],"predecessor-version":[{"id":76166,"href":"https:\/\/www.caririemacao.com\/1\/wp-json\/wp\/v2\/posts\/76165\/revisions\/76166"}],"wp:featuredmedia":[{"embeddable":true,"href":"https:\/\/www.caririemacao.com\/1\/wp-json\/wp\/v2\/media\/72536"}],"wp:attachment":[{"href":"https:\/\/www.caririemacao.com\/1\/wp-json\/wp\/v2\/media?parent=76165"}],"wp:term":[{"taxonomy":"category","embeddable":true,"href":"https:\/\/www.caririemacao.com\/1\/wp-json\/wp\/v2\/categories?post=76165"},{"taxonomy":"post_tag","embeddable":true,"href":"https:\/\/www.caririemacao.com\/1\/wp-json\/wp\/v2\/tags?post=76165"}],"curies":[{"name":"wp","href":"https:\/\/api.w.org\/{rel}","templated":true}]}}