{"id":76167,"date":"2018-12-11T13:32:47","date_gmt":"2018-12-11T16:32:47","guid":{"rendered":"http:\/\/www.caririemacao.com\/1\/?p=76167"},"modified":"2018-12-11T13:32:47","modified_gmt":"2018-12-11T16:32:47","slug":"leitura-valiosa-livros-raros-roubados-no-rio-de-janeiro-sao-encontrados-por-pf-em-campina-grande","status":"publish","type":"post","link":"https:\/\/www.caririemacao.com\/1\/2018\/12\/11\/leitura-valiosa-livros-raros-roubados-no-rio-de-janeiro-sao-encontrados-por-pf-em-campina-grande\/","title":{"rendered":"LEITURA VALIOSA: Livros raros roubados no Rio de Janeiro s\u00e3o encontrados por PF em Campina Grande"},"content":{"rendered":"<p>A Pol\u00edcia Federal\u00a0cumpriu nesta ter\u00e7a-feira (11) dois mandados de busca e apreens\u00e3o, expedidos pela 4\u00aa Vara da Justi\u00e7a\u00a0Federal de Campina Grande, com o objetivo de localizar livros raros furtados no\u00a0ano de 2016 da biblioteca Pedro Calmon, da Universidade Federal do Rio de Janeiro (UFRJ).<\/p>\n<p>Durante as dilig\u00eancias realizadas no \u00e2mbito da Opera\u00e7\u00e3o Cartas a Pol\u00edcia\u00a0Federal conseguiu localizar o exemplar do Livro Cartas do P. Antonio Vieyra da\u00a0Companhia De Jesu.<\/p>\n<p>Ainda segundo as investiga\u00e7\u00f5es realizadas pela Pol\u00edcia Federal a obra\u00a0estava sendo oferecida atrav\u00e9s de leil\u00e3o virtual, com lance inicial a partir\u00a0de R$ 3.500.<\/p>\n<p>O nome da opera\u00e7\u00e3o refere-se ao t\u00edtulo da obra furtada da biblioteca Pedro\u00a0Calmon, da UFRJ, no ano de 2016.<\/p>\n<p><br clear=\"all\" \/><br clear=\"all\" \/><\/p>\n<p>Assessoria<\/p>\n","protected":false},"excerpt":{"rendered":"<p>A Pol\u00edcia Federal\u00a0cumpriu nesta ter\u00e7a-feira (11) dois mandados de busca e apreens\u00e3o, expedidos pela 4\u00aa Vara da Justi\u00e7a\u00a0Federal de Campina Grande, com o objetivo de&hellip; <\/p>\n","protected":false},"author":1,"featured_media":76168,"comment_status":"closed","ping_status":"closed","sticky":false,"template":"","format":"standard","meta":{"sfsi_plus_gutenberg_text_before_share":"","sfsi_plus_gutenberg_show_text_before_share":"","sfsi_plus_gutenberg_icon_type":"","sfsi_plus_gutenberg_icon_alignemt":"","sfsi_plus_gutenburg_max_per_row":"","footnotes":""},"categories":[12],"tags":[],"class_list":["post-76167","post","type-post","status-publish","format-standard","has-post-thumbnail","hentry","category-policia"],"_links":{"self":[{"href":"https:\/\/www.caririemacao.com\/1\/wp-json\/wp\/v2\/posts\/76167","targetHints":{"allow":["GET"]}}],"collection":[{"href":"https:\/\/www.caririemacao.com\/1\/wp-json\/wp\/v2\/posts"}],"about":[{"href":"https:\/\/www.caririemacao.com\/1\/wp-json\/wp\/v2\/types\/post"}],"author":[{"embeddable":true,"href":"https:\/\/www.caririemacao.com\/1\/wp-json\/wp\/v2\/users\/1"}],"replies":[{"embeddable":true,"href":"https:\/\/www.caririemacao.com\/1\/wp-json\/wp\/v2\/comments?post=76167"}],"version-history":[{"count":1,"href":"https:\/\/www.caririemacao.com\/1\/wp-json\/wp\/v2\/posts\/76167\/revisions"}],"predecessor-version":[{"id":76169,"href":"https:\/\/www.caririemacao.com\/1\/wp-json\/wp\/v2\/posts\/76167\/revisions\/76169"}],"wp:featuredmedia":[{"embeddable":true,"href":"https:\/\/www.caririemacao.com\/1\/wp-json\/wp\/v2\/media\/76168"}],"wp:attachment":[{"href":"https:\/\/www.caririemacao.com\/1\/wp-json\/wp\/v2\/media?parent=76167"}],"wp:term":[{"taxonomy":"category","embeddable":true,"href":"https:\/\/www.caririemacao.com\/1\/wp-json\/wp\/v2\/categories?post=76167"},{"taxonomy":"post_tag","embeddable":true,"href":"https:\/\/www.caririemacao.com\/1\/wp-json\/wp\/v2\/tags?post=76167"}],"curies":[{"name":"wp","href":"https:\/\/api.w.org\/{rel}","templated":true}]}}