{"id":76170,"date":"2018-12-11T13:34:41","date_gmt":"2018-12-11T16:34:41","guid":{"rendered":"http:\/\/www.caririemacao.com\/1\/?p=76170"},"modified":"2018-12-11T13:34:41","modified_gmt":"2018-12-11T16:34:41","slug":"ricardo-anuncia-que-pela-primeira-vez-paraiba-ficara-abaixo-da-media-nacional-em-homicidios","status":"publish","type":"post","link":"https:\/\/www.caririemacao.com\/1\/2018\/12\/11\/ricardo-anuncia-que-pela-primeira-vez-paraiba-ficara-abaixo-da-media-nacional-em-homicidios\/","title":{"rendered":"Ricardo anuncia que pela primeira vez Para\u00edba ficar\u00e1 abaixo da m\u00e9dia nacional em homic\u00eddios"},"content":{"rendered":"<p>O governador da Para\u00edba, Ricardo Coutinho (PSB), fez um balan\u00e7o da seguran\u00e7a p\u00fablica durante os seus quase oito anos de governo. Faltando menos de um m\u00eas para deixar o cargo, ele considera que um dos seus maiores m\u00e9ritos na \u00e1rea ser\u00e1 deixar o Estado, pela primeira vez na s\u00e9rie hist\u00f3rica, com a m\u00e9dia de homic\u00eddios por cada 100 mil habitantes menor que a do Brasil.<\/p>\n<p>\u201cEstamos lutando para ficar na m\u00e9dia dos 30 homic\u00eddios a cada 100 mil habitantes. Pela primeira vez, a Para\u00edba vai ficar abaixo da m\u00e9dia do Brasil. O pa\u00eds cresceu e \u00e9 um problema grav\u00edssimo esse de crimes contra a vida, \u00e9 um surto de viol\u00eancia muito intenso. Ent\u00e3o o Brasil cresceu e o Nordeste tamb\u00e9m cresceu. Na verdade, esse problema que existia muito nas d\u00e9cadas de 1980 e 1990 no Sul e Sudeste, passou para o Nordeste. Nos anos 2000, 58% dos crimes estavam no Sudeste e agora 56% est\u00e3o no Nordeste\u201d, avaliou.<\/p>\n<div class=\"td-a-rec td-a-rec-id-content_inline  \"><span class=\"td-adspot-title\">Para o governante, outro fator que deve ser levado em considera\u00e7\u00e3o \u00e9 o estanque do crescimento de homic\u00eddios. Segundo ele, se a taxa de crescimento anual em 2010, quando o ent\u00e3o governador era Jos\u00e9 Maranh\u00e3o (MDB), em substitui\u00e7\u00e3o ao governador eleito C\u00e1ssio Cunha Lima (PSDB), que foi cassado, tivesse se mantido, em 2017 teriam morrido quase seis mil pessoas no Estado.<\/span><\/div>\n<p>\u201cN\u00e3o s\u00e3o apenas n\u00fameros. Isso \u00e9 muita gente que deixou de morrer. Para se ter ideia, se n\u00f3s tiv\u00e9ssemos mantido o mesmo crescimento anual que tinha em 2010, a Para\u00edba tinha matado em 2017, 5.974 pessoas. Foram mortas 1.285. Isso tem uma diferen\u00e7a efetiva, que s\u00e3o pessoas que deixaram de morrer\u201d, considerou.<\/p>\n<div class=\"google-auto-placed ap_container\"><ins class=\"adsbygoogle adsbygoogle-noablate\" data-ad-format=\"auto\" data-ad-client=\"ca-pub-1593055478228631\" data-adsbygoogle-status=\"done\"><ins id=\"aswift_2_expand\"><ins id=\"aswift_2_anchor\"><\/ins><\/ins><\/ins>Ricardo fez ainda uma distin\u00e7\u00e3o entre sensa\u00e7\u00e3o de seguran\u00e7a e a seguran\u00e7a efetiva. Ele citou o exemplo de Paris que, do ponto de vista estat\u00edstico, \u00e9 uma das cidades menos violentas do mundo. Entretanto, a sensa\u00e7\u00e3o de inseguran\u00e7a predomina na popula\u00e7\u00e3o por fatores sociais.<\/div>\n<p>\u201cUma das cidades mais seguras do mundo \u00e9 Paris. Mas se voc\u00ea for l\u00e1 hoje e pesquisar o sentimento de inseguran\u00e7a, vai ver que \u00e9 um dos maiores do mundo. Na verdade, mesmo com o decr\u00e9scimo dos indicadores, o sentimento n\u00e3o acompanha o mesmo ritmo. Estava recentemente em Salamanca, caminhando em uma rua e me lembrei que se fosse no Brasil, provavelmente eu n\u00e3o passaria por ali. A realidade \u00e9 outra. E vai demorar para melhorar isso. Agora, todos os indicadores, com exce\u00e7\u00e3o de 2018, com exce\u00e7\u00e3o de assalto a banco, que vamos crescer em torno de 2%, mas ainda estamos est\u00e1veis, porque no ano passado diminu\u00edmos bastantes, com exce\u00e7\u00e3o disso, os assaltos a \u00f4nibus coletivos, assaltos a estabelecimentos comerciais, todos eles foram diminu\u00eddos\u201d, garantiu.<\/p>\n<p>&nbsp;<\/p>\n<p>Secom<\/p>\n","protected":false},"excerpt":{"rendered":"<p>O governador da Para\u00edba, Ricardo Coutinho (PSB), fez um balan\u00e7o da seguran\u00e7a p\u00fablica durante os seus quase oito anos de governo. Faltando menos de um&hellip; <\/p>\n","protected":false},"author":1,"featured_media":52291,"comment_status":"closed","ping_status":"closed","sticky":false,"template":"","format":"standard","meta":{"sfsi_plus_gutenberg_text_before_share":"","sfsi_plus_gutenberg_show_text_before_share":"","sfsi_plus_gutenberg_icon_type":"","sfsi_plus_gutenberg_icon_alignemt":"","sfsi_plus_gutenburg_max_per_row":"","footnotes":""},"categories":[50,11],"tags":[],"class_list":["post-76170","post","type-post","status-publish","format-standard","has-post-thumbnail","hentry","category-destaque","category-politica"],"_links":{"self":[{"href":"https:\/\/www.caririemacao.com\/1\/wp-json\/wp\/v2\/posts\/76170","targetHints":{"allow":["GET"]}}],"collection":[{"href":"https:\/\/www.caririemacao.com\/1\/wp-json\/wp\/v2\/posts"}],"about":[{"href":"https:\/\/www.caririemacao.com\/1\/wp-json\/wp\/v2\/types\/post"}],"author":[{"embeddable":true,"href":"https:\/\/www.caririemacao.com\/1\/wp-json\/wp\/v2\/users\/1"}],"replies":[{"embeddable":true,"href":"https:\/\/www.caririemacao.com\/1\/wp-json\/wp\/v2\/comments?post=76170"}],"version-history":[{"count":1,"href":"https:\/\/www.caririemacao.com\/1\/wp-json\/wp\/v2\/posts\/76170\/revisions"}],"predecessor-version":[{"id":76171,"href":"https:\/\/www.caririemacao.com\/1\/wp-json\/wp\/v2\/posts\/76170\/revisions\/76171"}],"wp:featuredmedia":[{"embeddable":true,"href":"https:\/\/www.caririemacao.com\/1\/wp-json\/wp\/v2\/media\/52291"}],"wp:attachment":[{"href":"https:\/\/www.caririemacao.com\/1\/wp-json\/wp\/v2\/media?parent=76170"}],"wp:term":[{"taxonomy":"category","embeddable":true,"href":"https:\/\/www.caririemacao.com\/1\/wp-json\/wp\/v2\/categories?post=76170"},{"taxonomy":"post_tag","embeddable":true,"href":"https:\/\/www.caririemacao.com\/1\/wp-json\/wp\/v2\/tags?post=76170"}],"curies":[{"name":"wp","href":"https:\/\/api.w.org\/{rel}","templated":true}]}}