{"id":76174,"date":"2018-12-11T13:40:13","date_gmt":"2018-12-11T16:40:13","guid":{"rendered":"http:\/\/www.caririemacao.com\/1\/?p=76174"},"modified":"2018-12-11T13:40:13","modified_gmt":"2018-12-11T16:40:13","slug":"demorou-mas-chegou-instagram-finalmente-e-contemplado-com-mensagens-de-voz","status":"publish","type":"post","link":"https:\/\/www.caririemacao.com\/1\/2018\/12\/11\/demorou-mas-chegou-instagram-finalmente-e-contemplado-com-mensagens-de-voz\/","title":{"rendered":"Demorou, mas chegou: Instagram finalmente \u00e9 contemplado com mensagens de voz"},"content":{"rendered":"<div>Corre\u00e7\u00f5es de bugs \u00e9 o foco da atualiza\u00e7\u00e3o que pesa quase 590 MB.<\/div>\n<div>\n<div class=\"content\">\n<div class=\"textblock\">\n<p>Depois de estrear mensagens de voz no Facebook Messenger h\u00e1 cinco anos, foi a vez do Instagram ser contemplado com um importante recurso do WhatsApp: as <strong>mensagens de voz<\/strong>.<\/p>\n<p>A rede social de fotos e v\u00eddeos acaba de estrear em sua plataforma o recurso, que est\u00e1 chegando aos poucos para alguns usu\u00e1rios.<\/p>\n<p>Elas podem ser enviadas atrav\u00e9s de mensagens diretas a partir de hoje, facilitando ainda mais a comunica\u00e7\u00e3o entre os usu\u00e1rios.<\/p>\n<\/div>\n<div class=\"imageblock\"><a class=\"fancybox\" href=\"https:\/\/t.tudocdn.net\/367554?w=1000&amp;fit=clip\" rel=\"group\" data-fancybox-type=\"image\"><img fetchpriority=\"high\" decoding=\"async\" src=\"https:\/\/t.tudocdn.net\/367554?w=660&amp;h=270\" width=\"660\" height=\"270\" data-src=\"https:\/\/t.tudocdn.net\/367554?w=660&amp;h=270\" \/><\/a><\/div>\n<div class=\"textblock\">\n<p>Para usar, basta tocar no novo \u00edcone de microfone e a mensagem come\u00e7ar\u00e1 a ser gravada. Com <strong>at\u00e9 um minuto de dura\u00e7\u00e3o<\/strong>, elas ficam dispon\u00edveis permanentemente, e tamb\u00e9m s\u00e3o compat\u00edveis com chats em grupo no iOS e Android.<\/p>\n<p>O recurso estreia meses ap\u00f3s o de chamadas de v\u00eddeo, <a href=\"https:\/\/www.tudocelular.com\/android\/noticias\/n127434\/instagram-chamadas-video-direct-canais-explorar.html\">lan\u00e7ado em junho<\/a>, e acaba transformando o Instagram em um concorrente para o Telegram, Viber, WhatsApp e at\u00e9 o pr\u00f3prio Facebook Messenger.<\/p>\n<p>Sua chegada reitera a posi\u00e7\u00e3o do Instagram como um mensageiro, e pode atrair ainda mais usu\u00e1rios do principal rival da plataforma, o Snapchat.<\/p>\n<\/div>\n<\/div>\n<\/div>\n<p class=\"noticia_fonte\">Tudo Celular<\/p>\n","protected":false},"excerpt":{"rendered":"<p>Corre\u00e7\u00f5es de bugs \u00e9 o foco da atualiza\u00e7\u00e3o que pesa quase 590 MB. Depois de estrear mensagens de voz no Facebook Messenger h\u00e1 cinco anos,&hellip; <\/p>\n","protected":false},"author":1,"featured_media":76185,"comment_status":"closed","ping_status":"closed","sticky":false,"template":"","format":"standard","meta":{"sfsi_plus_gutenberg_text_before_share":"","sfsi_plus_gutenberg_show_text_before_share":"","sfsi_plus_gutenberg_icon_type":"","sfsi_plus_gutenberg_icon_alignemt":"","sfsi_plus_gutenburg_max_per_row":"","footnotes":""},"categories":[50,2],"tags":[],"class_list":["post-76174","post","type-post","status-publish","format-standard","has-post-thumbnail","hentry","category-destaque","category-geral"],"_links":{"self":[{"href":"https:\/\/www.caririemacao.com\/1\/wp-json\/wp\/v2\/posts\/76174","targetHints":{"allow":["GET"]}}],"collection":[{"href":"https:\/\/www.caririemacao.com\/1\/wp-json\/wp\/v2\/posts"}],"about":[{"href":"https:\/\/www.caririemacao.com\/1\/wp-json\/wp\/v2\/types\/post"}],"author":[{"embeddable":true,"href":"https:\/\/www.caririemacao.com\/1\/wp-json\/wp\/v2\/users\/1"}],"replies":[{"embeddable":true,"href":"https:\/\/www.caririemacao.com\/1\/wp-json\/wp\/v2\/comments?post=76174"}],"version-history":[{"count":1,"href":"https:\/\/www.caririemacao.com\/1\/wp-json\/wp\/v2\/posts\/76174\/revisions"}],"predecessor-version":[{"id":76186,"href":"https:\/\/www.caririemacao.com\/1\/wp-json\/wp\/v2\/posts\/76174\/revisions\/76186"}],"wp:featuredmedia":[{"embeddable":true,"href":"https:\/\/www.caririemacao.com\/1\/wp-json\/wp\/v2\/media\/76185"}],"wp:attachment":[{"href":"https:\/\/www.caririemacao.com\/1\/wp-json\/wp\/v2\/media?parent=76174"}],"wp:term":[{"taxonomy":"category","embeddable":true,"href":"https:\/\/www.caririemacao.com\/1\/wp-json\/wp\/v2\/categories?post=76174"},{"taxonomy":"post_tag","embeddable":true,"href":"https:\/\/www.caririemacao.com\/1\/wp-json\/wp\/v2\/tags?post=76174"}],"curies":[{"name":"wp","href":"https:\/\/api.w.org\/{rel}","templated":true}]}}