{"id":76190,"date":"2018-12-11T13:44:05","date_gmt":"2018-12-11T16:44:05","guid":{"rendered":"http:\/\/www.caririemacao.com\/1\/?p=76190"},"modified":"2018-12-11T13:44:05","modified_gmt":"2018-12-11T16:44:05","slug":"inadimplencia-cresce-6-em-novembro-e-chega-a-63-milhoes-de-consumidores","status":"publish","type":"post","link":"https:\/\/www.caririemacao.com\/1\/2018\/12\/11\/inadimplencia-cresce-6-em-novembro-e-chega-a-63-milhoes-de-consumidores\/","title":{"rendered":"Inadimpl\u00eancia cresce 6% em novembro e chega a 63 milh\u00f5es de consumidores"},"content":{"rendered":"<p>Um levantamento feito pela Confedera\u00e7\u00e3o Nacional dos Dirigentes Lojistas (CNDL) e pelo Servi\u00e7o de Prote\u00e7\u00e3o ao Cr\u00e9dito (SPC Brasil) apontam que o n\u00famero de consumidores inclu\u00eddos na lista do SPC avan\u00e7ou 6,03% no \u00faltimo m\u00eas de novembro na compara\u00e7\u00e3o com o mesmo per\u00edodo do ano passado. Segundo o estudo, o pa\u00eds encerrou novembro com aproximadamente 63,1 milh\u00f5es de brasileiros com o CPF negativado em virtude de atrasos no pagamento de contas.<\/p>\n<p>Segundo a entidade, trata-se do crescimento mais acentuado para o m\u00eas nos \u00faltimos sete anos. Na varia\u00e7\u00e3o mensal, isto \u00e9, na passagem de outubro para novembro, tamb\u00e9m houve uma acelera\u00e7\u00e3o nos atrasos, com crescimento de 1,9% no per\u00edodo.<\/p>\n<p>De acordo com o estudo, a regi\u00e3o que mais contribuiu para a alta da inadimpl\u00eancia foi o Sudeste, cujo crescimento foi 12,5% no per\u00edodo. A regi\u00e3o concentra, numericamente, a maior popula\u00e7\u00e3o de inadimplentes no pa\u00eds: 26,72 milh\u00f5es. Este n\u00famero representa 40% dos consumidores &#8211; a regi\u00e3o brasileira em que h\u00e1 mais consumidores com contas em atraso, de modo proporcional \u00e0 popula\u00e7\u00e3o, \u00e9 o Norte, com mais de 5,65 milh\u00f5es de inadimplentes (47% da popula\u00e7\u00e3o da regi\u00e3o).<\/p>\n<p>Nas demais regi\u00f5es, o crescimento registrado foi 2,1% no Sul, que j\u00e1 acumula 8,41 milh\u00f5es de inadimplentes; 1,6% no Nordeste, onde a soma de consumidores devedores \u00e9 17,22 milh\u00f5es; e 1,4% no Norte. A \u00fanica regi\u00e3o que registrou queda de brasileiros inadimplentes foi o Centro-Oeste, cuja recuo verificado foi 2,7% (a soma de consumidores com o nome sujo na regi\u00e3o \u00e9 5,09 milh\u00f5es).<\/p>\n<p>O indicador revela ainda que o crescimento da inadimpl\u00eancia \u00e9 mais expressivo conforme aumenta a idade do consumidor. O volume de idosos entre 65 e 84 anos chegou a crescer 11,8% no m\u00eas de novembro. Entre os consumidores com idade de 50 a 64 anos, o aumento registrado foi 8,5%. Na faixa acima de 85 anos foi 7,7%; entre 40 e 49 anos, 7,1%; e 3,9% na faixa entre 30 e39 anos de idade.<\/p>\n<div class=\"google-auto-placed ap_container\">Entre a popula\u00e7\u00e3o mais jovem, a inadimpl\u00eancia apresentou retra\u00e7\u00e3o em novembro, com a queda de 22,3% entre devedores de 18 a 24 anos e a de 4,0% para os consumidores de 25 a 29 anos.<\/div>\n<p>Tipos de d\u00edvidas<br \/>\nOutro dado do indicador revelou que as d\u00edvidas com institui\u00e7\u00f5es financeiras continuam ocupando a maior fatia do total de d\u00edvidas que est\u00e3o em atraso no pa\u00eds: 51% das pend\u00eancias s\u00e3o devidas a essas empresas. Logo depois vem os servi\u00e7os de comunica\u00e7\u00e3o (15%), credi\u00e1rio no com\u00e9rcio (17%) e contas de \u00e1gua e luz (9%).<\/p>\n<p>Na avalia\u00e7\u00e3o do SPC Brasil, apesar de a recess\u00e3o ter chegado ao seu fim, a inadimpl\u00eancia do consumidor continua elevada, pois a recupera\u00e7\u00e3o econ\u00f4mica segue lenta e n\u00e3o se refletiu em melhora nos n\u00edveis de renda e nem em queda consider\u00e1vel do desemprego.<\/p>\n<p>O indicador de inadimpl\u00eancia do consumidor re\u00fane todas as informa\u00e7\u00f5es dispon\u00edveis nas bases de dados \u00e0s quais o SPC Brasil e a CNDL t\u00eam acesso. Os dados dispon\u00edveis referem-se a capitais e interior das 27 unidades da federa\u00e7\u00e3o.<\/p>\n<p class=\"noticia_fonte\">Brasil 247<\/p>\n","protected":false},"excerpt":{"rendered":"<p>Um levantamento feito pela Confedera\u00e7\u00e3o Nacional dos Dirigentes Lojistas (CNDL) e pelo Servi\u00e7o de Prote\u00e7\u00e3o ao Cr\u00e9dito (SPC Brasil) apontam que o n\u00famero de consumidores&hellip; <\/p>\n","protected":false},"author":1,"featured_media":76191,"comment_status":"closed","ping_status":"closed","sticky":false,"template":"","format":"standard","meta":{"sfsi_plus_gutenberg_text_before_share":"","sfsi_plus_gutenberg_show_text_before_share":"","sfsi_plus_gutenberg_icon_type":"","sfsi_plus_gutenberg_icon_alignemt":"","sfsi_plus_gutenburg_max_per_row":"","footnotes":""},"categories":[2],"tags":[],"class_list":["post-76190","post","type-post","status-publish","format-standard","has-post-thumbnail","hentry","category-geral"],"_links":{"self":[{"href":"https:\/\/www.caririemacao.com\/1\/wp-json\/wp\/v2\/posts\/76190","targetHints":{"allow":["GET"]}}],"collection":[{"href":"https:\/\/www.caririemacao.com\/1\/wp-json\/wp\/v2\/posts"}],"about":[{"href":"https:\/\/www.caririemacao.com\/1\/wp-json\/wp\/v2\/types\/post"}],"author":[{"embeddable":true,"href":"https:\/\/www.caririemacao.com\/1\/wp-json\/wp\/v2\/users\/1"}],"replies":[{"embeddable":true,"href":"https:\/\/www.caririemacao.com\/1\/wp-json\/wp\/v2\/comments?post=76190"}],"version-history":[{"count":1,"href":"https:\/\/www.caririemacao.com\/1\/wp-json\/wp\/v2\/posts\/76190\/revisions"}],"predecessor-version":[{"id":76192,"href":"https:\/\/www.caririemacao.com\/1\/wp-json\/wp\/v2\/posts\/76190\/revisions\/76192"}],"wp:featuredmedia":[{"embeddable":true,"href":"https:\/\/www.caririemacao.com\/1\/wp-json\/wp\/v2\/media\/76191"}],"wp:attachment":[{"href":"https:\/\/www.caririemacao.com\/1\/wp-json\/wp\/v2\/media?parent=76190"}],"wp:term":[{"taxonomy":"category","embeddable":true,"href":"https:\/\/www.caririemacao.com\/1\/wp-json\/wp\/v2\/categories?post=76190"},{"taxonomy":"post_tag","embeddable":true,"href":"https:\/\/www.caririemacao.com\/1\/wp-json\/wp\/v2\/tags?post=76190"}],"curies":[{"name":"wp","href":"https:\/\/api.w.org\/{rel}","templated":true}]}}