{"id":76194,"date":"2018-12-11T13:54:31","date_gmt":"2018-12-11T16:54:31","guid":{"rendered":"http:\/\/www.caririemacao.com\/1\/?p=76194"},"modified":"2018-12-11T13:54:31","modified_gmt":"2018-12-11T16:54:31","slug":"com-moro-na-plateia-novo-presidente-do-tcu-agradece-a-lula-em-discurso-de-posse","status":"publish","type":"post","link":"https:\/\/www.caririemacao.com\/1\/2018\/12\/11\/com-moro-na-plateia-novo-presidente-do-tcu-agradece-a-lula-em-discurso-de-posse\/","title":{"rendered":"Com Moro na plateia, novo presidente do TCU agradece a Lula em discurso de posse"},"content":{"rendered":"<p>O ministro do Tribunal de Contas da Uni\u00e3o (<span class=\"Apple-converted-space\">\u00a0<\/span><strong>TCU<\/strong><span class=\"Apple-converted-space\">\u00a0<\/span>)<span class=\"Apple-converted-space\">\u00a0<\/span><strong>Jos\u00e9 M\u00facio Monteiro<\/strong><span class=\"Apple-converted-space\">\u00a0<\/span>tomou posse como presidente da institui\u00e7\u00e3o nesta ter\u00e7a-feira e prometeu uma gest\u00e3o voltada para solu\u00e7\u00f5es nas \u00e1reas de infraestrutura e desenvolvimento econ\u00f4mico. Em seu discurso, diante do presidente Michel Temer e\u00a0 integrantes da futura equipe do governo de Jair Bolsonaro, como o ex-juiz\u00a0 Sergio Moro,\u00a0 M\u00facio agradeceu ao ex-presidente Luiz In\u00e1cio<span class=\"Apple-converted-space\">\u00a0<\/span><strong>Lula<span class=\"Apple-converted-space\">\u00a0<\/span><\/strong>da Silva, que o indicou para ser ministro da corte h\u00e1 nove anos.<\/p>\n<p>A refer\u00eancia a Lula ocorreu nos minutos finais do pronunciamento do ministro, reservado a men\u00e7\u00f5es a familiares e amigos pr\u00f3ximos.<\/p>\n<aside class=\"article-related-links \">\n<div class=\"article-related-links__container\">\n<div class=\"article-related-links__content\">\n<article class=\"article-related-link\" style=\"padding-bottom: 15px; margin-bottom: 15px; border-bottom-color: #bcbdc0; border-bottom-width: 1px; border-bottom-style: solid; grid-template-areas: 'title pic' 'footer pic'; grid-column-gap: 10px;\">\n<footer class=\"article-related-link__footer\">&#8211; Pe\u00e7o licen\u00e7a aos senhores para fazer agradecimentos a nomes que me pedem o cora\u00e7\u00e3o. A gratid\u00e3o \u00e9 a mem\u00f3ria do cora\u00e7\u00e3o, j\u00e1 disse Santo Agostinho. No campo pol\u00edtico, preciso agradecer Roberto Magalh\u00e3es, que me iniciou na pol\u00edtica, ao povo de Pernambuco, que me deu cinco mandatos, e ao ex-presidente Lula, que me fez ministro &#8211; afirmou.<\/footer>\n<\/article>\n<\/div>\n<\/div>\n<\/aside>\n<p>A cerim\u00f4nia foi acompanhada tamb\u00e9m pelo economista Paulo Guedes, futuro titular da Economia. Tanto Moro quanto Guedes\u00a0 sa\u00edram do evento sem falar com a imprensa.<\/p>\n<p>Jos\u00e9 M\u00facio assume o TCU no lugar de Raimundo Carreiro. A vice empossada \u00e9 a ministra Ana Arraes.<\/p>\n<p>&nbsp;<\/p>\n<p>Globo<\/p>\n","protected":false},"excerpt":{"rendered":"<p>O ministro do Tribunal de Contas da Uni\u00e3o (\u00a0TCU\u00a0)\u00a0Jos\u00e9 M\u00facio Monteiro\u00a0tomou posse como presidente da institui\u00e7\u00e3o nesta ter\u00e7a-feira e prometeu uma gest\u00e3o voltada para solu\u00e7\u00f5es&hellip; <\/p>\n","protected":false},"author":1,"featured_media":76195,"comment_status":"closed","ping_status":"closed","sticky":false,"template":"","format":"standard","meta":{"sfsi_plus_gutenberg_text_before_share":"","sfsi_plus_gutenberg_show_text_before_share":"","sfsi_plus_gutenberg_icon_type":"","sfsi_plus_gutenberg_icon_alignemt":"","sfsi_plus_gutenburg_max_per_row":"","footnotes":""},"categories":[50,11],"tags":[],"class_list":["post-76194","post","type-post","status-publish","format-standard","has-post-thumbnail","hentry","category-destaque","category-politica"],"_links":{"self":[{"href":"https:\/\/www.caririemacao.com\/1\/wp-json\/wp\/v2\/posts\/76194","targetHints":{"allow":["GET"]}}],"collection":[{"href":"https:\/\/www.caririemacao.com\/1\/wp-json\/wp\/v2\/posts"}],"about":[{"href":"https:\/\/www.caririemacao.com\/1\/wp-json\/wp\/v2\/types\/post"}],"author":[{"embeddable":true,"href":"https:\/\/www.caririemacao.com\/1\/wp-json\/wp\/v2\/users\/1"}],"replies":[{"embeddable":true,"href":"https:\/\/www.caririemacao.com\/1\/wp-json\/wp\/v2\/comments?post=76194"}],"version-history":[{"count":1,"href":"https:\/\/www.caririemacao.com\/1\/wp-json\/wp\/v2\/posts\/76194\/revisions"}],"predecessor-version":[{"id":76196,"href":"https:\/\/www.caririemacao.com\/1\/wp-json\/wp\/v2\/posts\/76194\/revisions\/76196"}],"wp:featuredmedia":[{"embeddable":true,"href":"https:\/\/www.caririemacao.com\/1\/wp-json\/wp\/v2\/media\/76195"}],"wp:attachment":[{"href":"https:\/\/www.caririemacao.com\/1\/wp-json\/wp\/v2\/media?parent=76194"}],"wp:term":[{"taxonomy":"category","embeddable":true,"href":"https:\/\/www.caririemacao.com\/1\/wp-json\/wp\/v2\/categories?post=76194"},{"taxonomy":"post_tag","embeddable":true,"href":"https:\/\/www.caririemacao.com\/1\/wp-json\/wp\/v2\/tags?post=76194"}],"curies":[{"name":"wp","href":"https:\/\/api.w.org\/{rel}","templated":true}]}}