{"id":76209,"date":"2018-12-11T16:28:00","date_gmt":"2018-12-11T19:28:00","guid":{"rendered":"http:\/\/www.caririemacao.com\/1\/?p=76209"},"modified":"2018-12-11T16:28:00","modified_gmt":"2018-12-11T19:28:00","slug":"militares-apresentam-a-bolsonaro-situacao-da-seguranca-nos-estados","status":"publish","type":"post","link":"https:\/\/www.caririemacao.com\/1\/2018\/12\/11\/militares-apresentam-a-bolsonaro-situacao-da-seguranca-nos-estados\/","title":{"rendered":"Militares apresentam a Bolsonaro situa\u00e7\u00e3o da seguran\u00e7a nos estados"},"content":{"rendered":"<p>Um grupo de 15 militares apresentou hoje (11) ao presidente eleito, Jair Bolsonaro,\u00a0a situa\u00e7\u00e3o da seguran\u00e7a nos estados do pa\u00eds. A informa\u00e7\u00e3o foi passada pelo presidente do Conselho Nacional dos Comandantes Gerais da Pol\u00edcia Militar, Marco Ant\u00f4nio Nunes. Segundo ele, Bolsonaro deixou claro o interesse de resolver, especialmente, a <a href=\"http:\/\/agenciabrasil.ebc.com.br\/politica\/noticia\/2018-12\/comeca-intervencao-federal-em-roraima\" target=\"_blank\" rel=\"noopener\">situa\u00e7\u00e3o de Roraima<\/a>. O encontro, que teve tamb\u00e9m a presen\u00e7a do vice-presidente eleito, general Hamilton Mour\u00e3o, ocorreu no Centro Cultural Banco do Brasil (CCBB), em Bras\u00edlia, nesta manh\u00e3.<\/p>\n<p>\u201cO comandante de Roraima estava presente e conversou um pouco. Ele [Bolsonaro] demonstrou interesse em resolver a situa\u00e7\u00e3o no estado\u201d, afirmou Nunes. \u201cViemos confirmar o apoio que as corpora\u00e7\u00f5es sempre deram ao presidente eleito e conversamos sobre pautas da seguran\u00e7a p\u00fablica que s\u00e3o importantes principalmente para a sociedade\u201d, acrescentou. De acordo com ele, o conselho que representa mais de 600 mil homens em todo o pa\u00eds, reuniu informa\u00e7\u00f5es de estrat\u00e9gias e experi\u00eancias das corpora\u00e7\u00f5es para apresentar \u00e0 equipe de transi\u00e7\u00e3o.<\/p>\n<p>A expectativa do grupo \u00e9 levar o mesmo estudo ao futuro ministro da Justi\u00e7a e Seguran\u00e7a, Sergio Moro. Ainda n\u00e3o h\u00e1 data acertada para o encontro. Sobre mudan\u00e7as do sistema de Previd\u00eancia da categoria, Nunes afirmou que o assunto ser\u00e1 tratado quando o Congresso Nacional se debru\u00e7ar na quest\u00e3o.<\/p>\n<p>\u201cVamos levar nossa realidade ao Congresso Nacional: como \u00e9 nosso trabalho, as caracter\u00edsticas, a idade m\u00e9dia de vida dos policiais, o dia a dia e como contribuem em cada estado\u201d, afirmou.<\/p>\n<p>Bolsonaro se re\u00fane com o governador eleito de Santa Catarina, Carlos Mois\u00e9s da Silva (PSL), um dos seus principais aliados. Durante a campanha eleitoral, Mois\u00e9s, que \u00e9 coronel do Corpo de Bombeiros, n\u00e3o era apontado como favorito. Por\u00e9m, venceu as elei\u00e7\u00f5es.<\/p>\n<p>&nbsp;<\/p>\n<p>EBC<\/p>\n","protected":false},"excerpt":{"rendered":"<p>Um grupo de 15 militares apresentou hoje (11) ao presidente eleito, Jair Bolsonaro,\u00a0a situa\u00e7\u00e3o da seguran\u00e7a nos estados do pa\u00eds. A informa\u00e7\u00e3o foi passada pelo&hellip; <\/p>\n","protected":false},"author":1,"featured_media":35582,"comment_status":"closed","ping_status":"closed","sticky":false,"template":"","format":"standard","meta":{"sfsi_plus_gutenberg_text_before_share":"","sfsi_plus_gutenberg_show_text_before_share":"","sfsi_plus_gutenberg_icon_type":"","sfsi_plus_gutenberg_icon_alignemt":"","sfsi_plus_gutenburg_max_per_row":"","footnotes":""},"categories":[11],"tags":[],"class_list":["post-76209","post","type-post","status-publish","format-standard","has-post-thumbnail","hentry","category-politica"],"_links":{"self":[{"href":"https:\/\/www.caririemacao.com\/1\/wp-json\/wp\/v2\/posts\/76209","targetHints":{"allow":["GET"]}}],"collection":[{"href":"https:\/\/www.caririemacao.com\/1\/wp-json\/wp\/v2\/posts"}],"about":[{"href":"https:\/\/www.caririemacao.com\/1\/wp-json\/wp\/v2\/types\/post"}],"author":[{"embeddable":true,"href":"https:\/\/www.caririemacao.com\/1\/wp-json\/wp\/v2\/users\/1"}],"replies":[{"embeddable":true,"href":"https:\/\/www.caririemacao.com\/1\/wp-json\/wp\/v2\/comments?post=76209"}],"version-history":[{"count":1,"href":"https:\/\/www.caririemacao.com\/1\/wp-json\/wp\/v2\/posts\/76209\/revisions"}],"predecessor-version":[{"id":76210,"href":"https:\/\/www.caririemacao.com\/1\/wp-json\/wp\/v2\/posts\/76209\/revisions\/76210"}],"wp:featuredmedia":[{"embeddable":true,"href":"https:\/\/www.caririemacao.com\/1\/wp-json\/wp\/v2\/media\/35582"}],"wp:attachment":[{"href":"https:\/\/www.caririemacao.com\/1\/wp-json\/wp\/v2\/media?parent=76209"}],"wp:term":[{"taxonomy":"category","embeddable":true,"href":"https:\/\/www.caririemacao.com\/1\/wp-json\/wp\/v2\/categories?post=76209"},{"taxonomy":"post_tag","embeddable":true,"href":"https:\/\/www.caririemacao.com\/1\/wp-json\/wp\/v2\/tags?post=76209"}],"curies":[{"name":"wp","href":"https:\/\/api.w.org\/{rel}","templated":true}]}}