{"id":76214,"date":"2018-12-11T16:33:52","date_gmt":"2018-12-11T19:33:52","guid":{"rendered":"http:\/\/www.caririemacao.com\/1\/?p=76214"},"modified":"2018-12-11T16:33:52","modified_gmt":"2018-12-11T19:33:52","slug":"futuro-ministro-defende-educacao-basica-e-qualificacao-para-o-trabalho","status":"publish","type":"post","link":"https:\/\/www.caririemacao.com\/1\/2018\/12\/11\/futuro-ministro-defende-educacao-basica-e-qualificacao-para-o-trabalho\/","title":{"rendered":"Futuro ministro defende educa\u00e7\u00e3o b\u00e1sica e qualifica\u00e7\u00e3o para o trabalho"},"content":{"rendered":"<p>O futuro ministro da Educa\u00e7\u00e3o, Ricardo V\u00e9lez Rodr\u00edguez, disse hoje (11) que suas prioridades ser\u00e3o a educa\u00e7\u00e3o b\u00e1sica, qualifica\u00e7\u00e3o para o trabalho e fortalecimento da identidade nacional a partir de 1\u00ba de janeiro, quando o presidente eleito, Jair Bolsonaro, ser\u00e1 empossado.<\/p>\n<p>\u201cAtuaremos como base em princ\u00edpios que alicercem o pleno desenvolvimento do cidad\u00e3o, a qualifica\u00e7\u00e3o para o trabalho e o fortalecimento da identidade nacional\u201d, afirmou o futuro ministro em sua conta no Twitter.<\/p>\n<p>&nbsp;<\/p>\n<div class=\"dnd-widget-wrapper context-cheio_8colunas type-image\">\n<div class=\"dnd-atom-rendered\"><!-- scald=127349:cheio_8colunas --><\/p>\n<figure class=\"mejs-fotov-wrapper\"><img decoding=\"async\" class=\"img-responsive full full lazyload\" title=\"Ricardo Velez Rodrigues\/Redes So\" data-src=\"http:\/\/imagens.ebc.com.br\/pfgg1CZolZmr8uvE9bvC8HplSDM=\/754x0\/smart\/http:\/\/agenciabrasil.ebc.com.br\/sites\/default\/files\/thumbnails\/image\/ricardo_velez_rodriguez.jpg?itok=RALkx525\" alt=\"Ricardo V\u00e9lez Rodr\u00edguez \u00e9 indicado para o Minist\u00e9rio da Educa\u00e7\u00e3o no governo de Jair Bolsonaro\" src=\"data:image\/svg+xml;base64,PHN2ZyB3aWR0aD0iMSIgaGVpZ2h0PSIxIiB4bWxucz0iaHR0cDovL3d3dy53My5vcmcvMjAwMC9zdmciPjwvc3ZnPg==\" \/><\/figure>\n<p><!-- END scald=127349 --><\/div>\n<div class=\"dnd-caption-wrapper\">\n<div class=\"meta\"><!--copyright=127349-->Ricardo V\u00e9lez Rodr\u00edguez ser\u00e1 o futuro ministro da Educa\u00e7\u00e3o no governo de Jair Bolsonaro &#8211; <strong>(Redes Sociais)<\/strong><!--END copyright=127349--><\/div>\n<\/div>\n<\/div>\n<p>O professor de origem colombiana defende princ\u00edpios semelhantes ao presidente eleito, como a reformula\u00e7\u00e3o do Exame Nacional de Ensino M\u00e9dio (Enem).<\/p>\n<p>Para ambos, o atual modelo de provas aplicadas tem funcionado como um instrumento de \u201cideologiza\u00e7\u00e3o\u201d incapaz de avaliar a capacidade dos estudantes.<\/p>\n<p>V\u00e9lez foi confirmado h\u00e1 duas semanas para o comando da Educa\u00e7\u00e3o.<\/p>\n<p>Antes de sua confirma\u00e7\u00e3o no cargo, V\u00e9lez defendia\u00a0 em textos divulgados em blog e redes sociais a valoriza\u00e7\u00e3o de um sistema de ensino b\u00e1sico e fundamental oferecido pelos munic\u00edpios a partir de formula\u00e7\u00f5es de leis locais.<\/p>\n<p>&nbsp;<\/p>\n<p>EBC<\/p>\n","protected":false},"excerpt":{"rendered":"<p>O futuro ministro da Educa\u00e7\u00e3o, Ricardo V\u00e9lez Rodr\u00edguez, disse hoje (11) que suas prioridades ser\u00e3o a educa\u00e7\u00e3o b\u00e1sica, qualifica\u00e7\u00e3o para o trabalho e fortalecimento da&hellip; <\/p>\n","protected":false},"author":1,"featured_media":76215,"comment_status":"closed","ping_status":"closed","sticky":false,"template":"","format":"standard","meta":{"sfsi_plus_gutenberg_text_before_share":"","sfsi_plus_gutenberg_show_text_before_share":"","sfsi_plus_gutenberg_icon_type":"","sfsi_plus_gutenberg_icon_alignemt":"","sfsi_plus_gutenburg_max_per_row":"","footnotes":""},"categories":[14],"tags":[],"class_list":["post-76214","post","type-post","status-publish","format-standard","has-post-thumbnail","hentry","category-educacao"],"_links":{"self":[{"href":"https:\/\/www.caririemacao.com\/1\/wp-json\/wp\/v2\/posts\/76214","targetHints":{"allow":["GET"]}}],"collection":[{"href":"https:\/\/www.caririemacao.com\/1\/wp-json\/wp\/v2\/posts"}],"about":[{"href":"https:\/\/www.caririemacao.com\/1\/wp-json\/wp\/v2\/types\/post"}],"author":[{"embeddable":true,"href":"https:\/\/www.caririemacao.com\/1\/wp-json\/wp\/v2\/users\/1"}],"replies":[{"embeddable":true,"href":"https:\/\/www.caririemacao.com\/1\/wp-json\/wp\/v2\/comments?post=76214"}],"version-history":[{"count":1,"href":"https:\/\/www.caririemacao.com\/1\/wp-json\/wp\/v2\/posts\/76214\/revisions"}],"predecessor-version":[{"id":76216,"href":"https:\/\/www.caririemacao.com\/1\/wp-json\/wp\/v2\/posts\/76214\/revisions\/76216"}],"wp:featuredmedia":[{"embeddable":true,"href":"https:\/\/www.caririemacao.com\/1\/wp-json\/wp\/v2\/media\/76215"}],"wp:attachment":[{"href":"https:\/\/www.caririemacao.com\/1\/wp-json\/wp\/v2\/media?parent=76214"}],"wp:term":[{"taxonomy":"category","embeddable":true,"href":"https:\/\/www.caririemacao.com\/1\/wp-json\/wp\/v2\/categories?post=76214"},{"taxonomy":"post_tag","embeddable":true,"href":"https:\/\/www.caririemacao.com\/1\/wp-json\/wp\/v2\/tags?post=76214"}],"curies":[{"name":"wp","href":"https:\/\/api.w.org\/{rel}","templated":true}]}}