{"id":76220,"date":"2018-12-11T16:38:03","date_gmt":"2018-12-11T19:38:03","guid":{"rendered":"http:\/\/www.caririemacao.com\/1\/?p=76220"},"modified":"2018-12-11T16:38:03","modified_gmt":"2018-12-11T19:38:03","slug":"dois-anos-de-acao-e-determinacao-na-camara-de-sume","status":"publish","type":"post","link":"https:\/\/www.caririemacao.com\/1\/2018\/12\/11\/dois-anos-de-acao-e-determinacao-na-camara-de-sume\/","title":{"rendered":"Dois anos de A\u00e7\u00e3o e determina\u00e7\u00e3o na C\u00e2mara de Sum\u00e9"},"content":{"rendered":"<p>A Frente do Poder Legislativo de Sum\u00e9 (2017\/2018) o Presidente da Casa- Jos\u00e9 Ant\u00f4nio, sempre procurou a harmonia entre os pares, funcion\u00e1rios, e o executivo, debatendo o melhor para a popula\u00e7\u00e3o!<br \/>\nDurante sua gest\u00e3o (que se encerra no dia 31 de Dezembro 2018) procurou fazer do legislativo uma porta aberta com a sociedade, trazendo discuss\u00f5es e procurando atender os anseios dos mun\u00edcipes.<br \/>\nCom o executivo sempre procurou a harmonia, em busca de solu\u00e7\u00f5es para Sum\u00e9.<br \/>\nA transpar\u00eancia e a organiza\u00e7\u00e3o foram pe\u00e7as fundamentais durante seu per\u00edodo na presid\u00eancia.<br \/>\n\u201cDois anos onde procurei da o melhor de mim, procurando sempre fazer a coisa certa e, sobretudo ter transpar\u00eancia e lealdade, finalizou Jos\u00e9 Ant\u00f4nio\u201d<\/p>\n<p>ATIVIDADES NA CASA CICERO SOARES, COM RECURSOS PR\u00d3PRIOS:<\/p>\n<p>#Adquiriu um moderno servi\u00e7o de som, com microfone para cada parlamentar.<br \/>\n#Reforma na recep\u00e7\u00e3o da c\u00e2mara.<br \/>\n#Reforma da parte interna e externa na parte dos banheiros e arquivo.<br \/>\n#Servi\u00e7o de pintura em todo pr\u00e9dio.<br \/>\n#Adquiriu placa com letreiros em LED na fachada da Casa Cicero Soares.<br \/>\n#Banheiro no Gabinete da presid\u00eancia.<br \/>\n#Reforma nos gabinetes dos vereadores.<br \/>\n#Revis\u00e3o em todo teto com troca de telhas.<br \/>\n#Aquisi\u00e7\u00e3o de impressora e equipamentos para a secretaria.<br \/>\n#Portas em vidros na secretaria da casa.<br \/>\n#Compra de utens\u00edlios para a copa.<br \/>\nEntre outras a\u00e7\u00f5es, para o bom andamento da Casa do Povo.<br \/>\n\u201cSer Vereador \u00e9 ter consci\u00eancia das necessidades do povo que lhe conferiu a miss\u00e3o de bem represent\u00e1-lo\u201d<\/p>\n<p>Jos\u00e9 Ant\u00f4nio-Presidente<br \/>\nDezembro-2018<\/p>\n","protected":false},"excerpt":{"rendered":"<p>A Frente do Poder Legislativo de Sum\u00e9 (2017\/2018) o Presidente da Casa- Jos\u00e9 Ant\u00f4nio, sempre procurou a harmonia entre os pares, funcion\u00e1rios, e o executivo,&hellip; <\/p>\n","protected":false},"author":1,"featured_media":17286,"comment_status":"closed","ping_status":"closed","sticky":false,"template":"","format":"standard","meta":{"sfsi_plus_gutenberg_text_before_share":"","sfsi_plus_gutenberg_show_text_before_share":"","sfsi_plus_gutenberg_icon_type":"","sfsi_plus_gutenberg_icon_alignemt":"","sfsi_plus_gutenburg_max_per_row":"","footnotes":""},"categories":[50,2],"tags":[],"class_list":["post-76220","post","type-post","status-publish","format-standard","has-post-thumbnail","hentry","category-destaque","category-geral"],"_links":{"self":[{"href":"https:\/\/www.caririemacao.com\/1\/wp-json\/wp\/v2\/posts\/76220","targetHints":{"allow":["GET"]}}],"collection":[{"href":"https:\/\/www.caririemacao.com\/1\/wp-json\/wp\/v2\/posts"}],"about":[{"href":"https:\/\/www.caririemacao.com\/1\/wp-json\/wp\/v2\/types\/post"}],"author":[{"embeddable":true,"href":"https:\/\/www.caririemacao.com\/1\/wp-json\/wp\/v2\/users\/1"}],"replies":[{"embeddable":true,"href":"https:\/\/www.caririemacao.com\/1\/wp-json\/wp\/v2\/comments?post=76220"}],"version-history":[{"count":1,"href":"https:\/\/www.caririemacao.com\/1\/wp-json\/wp\/v2\/posts\/76220\/revisions"}],"predecessor-version":[{"id":76221,"href":"https:\/\/www.caririemacao.com\/1\/wp-json\/wp\/v2\/posts\/76220\/revisions\/76221"}],"wp:featuredmedia":[{"embeddable":true,"href":"https:\/\/www.caririemacao.com\/1\/wp-json\/wp\/v2\/media\/17286"}],"wp:attachment":[{"href":"https:\/\/www.caririemacao.com\/1\/wp-json\/wp\/v2\/media?parent=76220"}],"wp:term":[{"taxonomy":"category","embeddable":true,"href":"https:\/\/www.caririemacao.com\/1\/wp-json\/wp\/v2\/categories?post=76220"},{"taxonomy":"post_tag","embeddable":true,"href":"https:\/\/www.caririemacao.com\/1\/wp-json\/wp\/v2\/tags?post=76220"}],"curies":[{"name":"wp","href":"https:\/\/api.w.org\/{rel}","templated":true}]}}