{"id":76229,"date":"2018-12-11T22:17:33","date_gmt":"2018-12-12T01:17:33","guid":{"rendered":"http:\/\/www.caririemacao.com\/1\/?p=76229"},"modified":"2018-12-11T22:17:33","modified_gmt":"2018-12-12T01:17:33","slug":"jovem-tem-moto-e-objetos-tomado-por-assalto-na-zona-rural-em-monteiro","status":"publish","type":"post","link":"https:\/\/www.caririemacao.com\/1\/2018\/12\/11\/jovem-tem-moto-e-objetos-tomado-por-assalto-na-zona-rural-em-monteiro\/","title":{"rendered":"Jovem tem moto e objetos tomado por assalto na zona rural em Monteiro"},"content":{"rendered":"<p style=\"margin: 0px 0px 15px; padding: 0px; outline: 0px; border: 0px currentColor; color: #444444; text-transform: none; line-height: 1.6; text-indent: 0px; letter-spacing: normal; font-family: 'Open Sans', serif; font-size: 15px; font-style: normal; font-weight: normal; word-spacing: 0px; vertical-align: baseline; white-space: normal; orphans: 2; widows: 2; font-stretch: inherit; background-color: #ffffff; font-variant-ligatures: normal; font-variant-caps: normal; font-variant-numeric: inherit; -webkit-text-stroke-width: 0px; text-decoration-style: initial; text-decoration-color: initial;\">Mais um assalto \u00e9 registrado na zona rural em Monteiro no cariri.<\/p>\n<p style=\"margin: 0px 0px 15px; padding: 0px; outline: 0px; border: 0px currentColor; color: #444444; text-transform: none; line-height: 1.6; text-indent: 0px; letter-spacing: normal; font-family: 'Open Sans', serif; font-size: 15px; font-style: normal; font-weight: normal; word-spacing: 0px; vertical-align: baseline; white-space: normal; orphans: 2; widows: 2; font-stretch: inherit; background-color: #ffffff; font-variant-ligatures: normal; font-variant-caps: normal; font-variant-numeric: inherit; -webkit-text-stroke-width: 0px; text-decoration-style: initial; text-decoration-color: initial;\">O fato aconteceu na noite desta ter\u00e7a-feira (11), no s\u00edtio bom nome.<\/p>\n<p style=\"margin: 0px 0px 15px; padding: 0px; outline: 0px; border: 0px currentColor; color: #444444; text-transform: none; line-height: 1.6; text-indent: 0px; letter-spacing: normal; font-family: 'Open Sans', serif; font-size: 15px; font-style: normal; font-weight: normal; word-spacing: 0px; vertical-align: baseline; white-space: normal; orphans: 2; widows: 2; font-stretch: inherit; background-color: #ffffff; font-variant-ligatures: normal; font-variant-caps: normal; font-variant-numeric: inherit; -webkit-text-stroke-width: 0px; text-decoration-style: initial; text-decoration-color: initial;\">De acordo com informa\u00e7\u00f5es, dois homens sem capacete armados abordaram e anunciaram o assalto, levando da v\u00edtima uma motocicleta modelo FAN 125 cor preta de placa NQC-8946, um celular e o rel\u00f3gio, em seguida fugiram \u00a0com destino ignorado.<\/p>\n<p style=\"margin: 0px 0px 15px; padding: 0px; outline: 0px; border: 0px currentColor; color: #444444; text-transform: none; line-height: 1.6; text-indent: 0px; letter-spacing: normal; font-family: 'Open Sans', serif; font-size: 15px; font-style: normal; font-weight: normal; word-spacing: 0px; vertical-align: baseline; white-space: normal; orphans: 2; widows: 2; font-stretch: inherit; background-color: #ffffff; font-variant-ligatures: normal; font-variant-caps: normal; font-variant-numeric: inherit; -webkit-text-stroke-width: 0px; text-decoration-style: initial; text-decoration-color: initial;\"><strong>HORA1PB<\/strong><\/p>\n","protected":false},"excerpt":{"rendered":"<p>Mais um assalto \u00e9 registrado na zona rural em Monteiro no cariri. O fato aconteceu na noite desta ter\u00e7a-feira (11), no s\u00edtio bom nome. De&hellip; <\/p>\n","protected":false},"author":1,"featured_media":25307,"comment_status":"closed","ping_status":"closed","sticky":false,"template":"","format":"standard","meta":{"sfsi_plus_gutenberg_text_before_share":"","sfsi_plus_gutenberg_show_text_before_share":"","sfsi_plus_gutenberg_icon_type":"","sfsi_plus_gutenberg_icon_alignemt":"","sfsi_plus_gutenburg_max_per_row":"","footnotes":""},"categories":[12],"tags":[],"class_list":["post-76229","post","type-post","status-publish","format-standard","has-post-thumbnail","hentry","category-policia"],"_links":{"self":[{"href":"https:\/\/www.caririemacao.com\/1\/wp-json\/wp\/v2\/posts\/76229","targetHints":{"allow":["GET"]}}],"collection":[{"href":"https:\/\/www.caririemacao.com\/1\/wp-json\/wp\/v2\/posts"}],"about":[{"href":"https:\/\/www.caririemacao.com\/1\/wp-json\/wp\/v2\/types\/post"}],"author":[{"embeddable":true,"href":"https:\/\/www.caririemacao.com\/1\/wp-json\/wp\/v2\/users\/1"}],"replies":[{"embeddable":true,"href":"https:\/\/www.caririemacao.com\/1\/wp-json\/wp\/v2\/comments?post=76229"}],"version-history":[{"count":1,"href":"https:\/\/www.caririemacao.com\/1\/wp-json\/wp\/v2\/posts\/76229\/revisions"}],"predecessor-version":[{"id":76230,"href":"https:\/\/www.caririemacao.com\/1\/wp-json\/wp\/v2\/posts\/76229\/revisions\/76230"}],"wp:featuredmedia":[{"embeddable":true,"href":"https:\/\/www.caririemacao.com\/1\/wp-json\/wp\/v2\/media\/25307"}],"wp:attachment":[{"href":"https:\/\/www.caririemacao.com\/1\/wp-json\/wp\/v2\/media?parent=76229"}],"wp:term":[{"taxonomy":"category","embeddable":true,"href":"https:\/\/www.caririemacao.com\/1\/wp-json\/wp\/v2\/categories?post=76229"},{"taxonomy":"post_tag","embeddable":true,"href":"https:\/\/www.caririemacao.com\/1\/wp-json\/wp\/v2\/tags?post=76229"}],"curies":[{"name":"wp","href":"https:\/\/api.w.org\/{rel}","templated":true}]}}