{"id":76299,"date":"2018-12-13T07:46:38","date_gmt":"2018-12-13T10:46:38","guid":{"rendered":"http:\/\/www.caririemacao.com\/1\/?p=76299"},"modified":"2018-12-13T07:46:38","modified_gmt":"2018-12-13T10:46:38","slug":"ufpb-anuncia-a-contratacao-ainda-este-mes-de-70-professores","status":"publish","type":"post","link":"https:\/\/www.caririemacao.com\/1\/2018\/12\/13\/ufpb-anuncia-a-contratacao-ainda-este-mes-de-70-professores\/","title":{"rendered":"UFPB anuncia a contrata\u00e7\u00e3o, ainda este m\u00eas, de 70 professores"},"content":{"rendered":"<p>Setenta novos professores visitantes come\u00e7ar\u00e3o a atuar, neste m\u00eas, nos quatro campi da Universidade Federal da Para\u00edba (UFPB), a fim de consolidar a pesquisa, a p\u00f3s-gradua\u00e7\u00e3o, o processo de internacionaliza\u00e7\u00e3o e o ajuste definitivo dos calend\u00e1rios acad\u00eamicos da institui\u00e7\u00e3o.<\/p>\n<p>Os especialistas brasileiros e estrangeiros, de reconhecida compet\u00eancia acad\u00eamico-cient\u00edfica em suas \u00e1reas do conhecimento, ser\u00e3o recepcionados nesta quarta-feira (12), a partir das 17h, no Audit\u00f3rio da Reitoria, no campus-sede, em Jo\u00e3o Pessoa.<\/p>\n<p>A segunda Chamada P\u00fablica Interna para Professor Visitante ser\u00e1 divulgada at\u00e9 o final de janeiro de 2019. Ser\u00e3o contratados, em car\u00e1ter tempor\u00e1rio, mais 30 experts. A primeira foi lan\u00e7ada em 04 de abril. Catorze Centros de Ensino atenderam a ela.<\/p>\n<p>Esta iniciativa beneficiar\u00e1 quase 40 mil estudantes de todos os n\u00edveis (t\u00e9cnico, gradua\u00e7\u00e3o, especializa\u00e7\u00e3o, mestrado, doutorado), nas modalidades presencial e de Ensino \u00e0 Dist\u00e2ncia (EAD).<\/p>\n<p>De acordo com a Superintend\u00eancia de Tecnologia da Informa\u00e7\u00e3o (STI), at\u00e9 o m\u00eas passado, a UFPB contava com 2.828 docentes.<\/p>\n<p>A contrata\u00e7\u00e3o destes professores visitantes envolve a\u00e7\u00e3o conjunta das Pr\u00f3-Reitorias de Gest\u00e3o de Pessoas (Progep), de Pesquisa (Propesq), de P\u00f3s-Gradua\u00e7\u00e3o (PRPG) e de Gradua\u00e7\u00e3o (PRG).<\/p>\n<p>&nbsp;<\/p>\n<p>Para\u00edba Online<\/p>\n","protected":false},"excerpt":{"rendered":"<p>Setenta novos professores visitantes come\u00e7ar\u00e3o a atuar, neste m\u00eas, nos quatro campi da Universidade Federal da Para\u00edba (UFPB), a fim de consolidar a pesquisa, a&hellip; <\/p>\n","protected":false},"author":1,"featured_media":63007,"comment_status":"closed","ping_status":"closed","sticky":false,"template":"","format":"standard","meta":{"sfsi_plus_gutenberg_text_before_share":"","sfsi_plus_gutenberg_show_text_before_share":"","sfsi_plus_gutenberg_icon_type":"","sfsi_plus_gutenberg_icon_alignemt":"","sfsi_plus_gutenburg_max_per_row":"","footnotes":""},"categories":[14],"tags":[],"class_list":["post-76299","post","type-post","status-publish","format-standard","has-post-thumbnail","hentry","category-educacao"],"_links":{"self":[{"href":"https:\/\/www.caririemacao.com\/1\/wp-json\/wp\/v2\/posts\/76299","targetHints":{"allow":["GET"]}}],"collection":[{"href":"https:\/\/www.caririemacao.com\/1\/wp-json\/wp\/v2\/posts"}],"about":[{"href":"https:\/\/www.caririemacao.com\/1\/wp-json\/wp\/v2\/types\/post"}],"author":[{"embeddable":true,"href":"https:\/\/www.caririemacao.com\/1\/wp-json\/wp\/v2\/users\/1"}],"replies":[{"embeddable":true,"href":"https:\/\/www.caririemacao.com\/1\/wp-json\/wp\/v2\/comments?post=76299"}],"version-history":[{"count":1,"href":"https:\/\/www.caririemacao.com\/1\/wp-json\/wp\/v2\/posts\/76299\/revisions"}],"predecessor-version":[{"id":76300,"href":"https:\/\/www.caririemacao.com\/1\/wp-json\/wp\/v2\/posts\/76299\/revisions\/76300"}],"wp:featuredmedia":[{"embeddable":true,"href":"https:\/\/www.caririemacao.com\/1\/wp-json\/wp\/v2\/media\/63007"}],"wp:attachment":[{"href":"https:\/\/www.caririemacao.com\/1\/wp-json\/wp\/v2\/media?parent=76299"}],"wp:term":[{"taxonomy":"category","embeddable":true,"href":"https:\/\/www.caririemacao.com\/1\/wp-json\/wp\/v2\/categories?post=76299"},{"taxonomy":"post_tag","embeddable":true,"href":"https:\/\/www.caririemacao.com\/1\/wp-json\/wp\/v2\/tags?post=76299"}],"curies":[{"name":"wp","href":"https:\/\/api.w.org\/{rel}","templated":true}]}}