{"id":76301,"date":"2018-12-13T07:48:53","date_gmt":"2018-12-13T10:48:53","guid":{"rendered":"http:\/\/www.caririemacao.com\/1\/?p=76301"},"modified":"2018-12-13T07:48:53","modified_gmt":"2018-12-13T10:48:53","slug":"atletico-pr-vence-junior-e-conquista-primeiro-titulo-internacional","status":"publish","type":"post","link":"https:\/\/www.caririemacao.com\/1\/2018\/12\/13\/atletico-pr-vence-junior-e-conquista-primeiro-titulo-internacional\/","title":{"rendered":"Atl\u00e9tico-PR vence Junior e conquista primeiro t\u00edtulo internacional"},"content":{"rendered":"<p>A ta\u00e7a da Copa Sul-Americana 2018 \u00e9 brasileira. Em decis\u00e3o eletrizante disputada na noite desta quarta-feira (12), o Atl\u00e9tico-PR n\u00e3o decepcionou a torcida que lotou a Arena da Baixada e venceu o Junior Barranquilla nos p\u00eanaltis (4 a 3) depois de novo empate por 1 a 1 no tempo normal. Com isso, o time paranaense conquistou o primeiro t\u00edtulo internacional de sua hist\u00f3ria.<\/p>\n<p>Com o Atl\u00e9tico-PR melhor, Pablo abriu o placar ainda na etapa inicial ap\u00f3s bela assist\u00eancia de Raphael Veiga. Na etapa final, T\u00e9o Guti\u00e9rrez, de cabe\u00e7a, deixou tudo igual. Depois disso, s\u00f3 deu Junior Barranquilla, mas faltou aos colombianos colocar outra bola na rede. Com isso, a decis\u00e3o foi para a prorroga\u00e7\u00e3o, e o Junior teve, de p\u00eanalti, a chance de encaminhar a ta\u00e7a. Barrera desperdi\u00e7ou, e a decis\u00e3o acabou indo para as penalidades.<\/p>\n<p>Nas cobran\u00e7as, o Atl\u00e9tico-PR levou a melhor. Jonathan, Raphael Veiga, Bergson e Thiago Heleno converteram (Renan Lodi errou), enquanto Fuentes e T\u00e9o Guti\u00e9rrez desperdi\u00e7aram pelo Junior Barranquilla.<\/p>\n<p>O jogo come\u00e7ou como era esperado, com o Atl\u00e9tico-PR em cima e o Junior com dificuldade para sair de tr\u00e1s. Mas isso n\u00e3o demorou a mudar. Aos poucos, os colombianos se acertaram e, trocando muito bem os passes, equilibraram o jogo. E foi justamente nessa hora que os anfitri\u00f5es conseguiram abrir o placar, aos 25min. Depois de L\u00e9o Pereira sair jogando errado e se recuperar, Veiga ficou com a bola e deu uma linda assist\u00eancia para Pablo finalizar no canto direito.<\/p>\n<p>A dupla Raphael Veiga e Pablo voltou a funcionar logo no primeiro minuto do segundo tempo e por muito pouco n\u00e3o ampliou na Arena da Baixada. O meia deu mais um belo passe para o centroavante, que finalizou rasteiro, cruzado; a bola ia no canto, mas desta vez o goleiro Viera apareceu para fazer uma grande defesa e evitar o segundo do Atl\u00e9tico-PR.<\/p>\n<p>Depois de Pablo perder a chance de encaminhar o t\u00edtulo, o Junior Barranquilla voltou a crescer, assim como na etapa inicial. Primeiro, Santos fez boa defesa em bomba de Luis D\u00edaz; mas depois, o goleiro nada p\u00f4de fazer: em cobran\u00e7a de escanteio da esquerda, G\u00f3mez desviou na primeira trave e T\u00e9o Guti\u00e9rrez cabeceou para as redes para deixar tudo igual e diminuir a empolga\u00e7\u00e3o na Arena.<\/p>\n<p>O gol sofrido mexeu com o Atl\u00e9tico-PR, e para muito pior. Extremamente consciente em seus contra-ataques, o Junior Barranquila engatou uma sequ\u00eancia de jogadas que levaram muito perigo ao gol de Santos. A sorte dos paranaenses \u00e9 que os colombianos n\u00e3o estavam com a pontaria t\u00e3o calibrada.<\/p>\n<p>O cansa\u00e7o ap\u00f3s 90 minutos n\u00e3o impediu que os times fizessem uma prorroga\u00e7\u00e3o eletrizante na Arena.<\/p>\n<p>Em jogo de l\u00e1 e c\u00e1, tanto Atl\u00e9tico-PR como Junior Barranquilla criaram jogadas suficientemente perigosas para mexer as redes novamente. E os colombianos viram a ta\u00e7a ficar perto quando Yony foi derrubado por Santos dentro da \u00e1rea. P\u00eanalti, que Barrera isolou, repetindo o que P\u00e9rez fez no duelo de ida. Na ocasi\u00e3o a partida tamb\u00e9m estava 1 a 1, e o Junior perdeu a chance de sair com a vit\u00f3ria na ida, em seu est\u00e1dio.<br \/>\nRECORDE<br \/>\nA torcida do Atl\u00e9tico-PR fez a sua parte e quebrou o recorde de p\u00fablico da nova Arena da Baixada: 40.263. At\u00e9 ent\u00e3o, a marca era do Paran\u00e1 Clube, que na S\u00e9rie B de 2017 colocou 39.414 torcedores na vit\u00f3ria por 1 a 0 em cima do Internacional.<\/p>\n<p>ATL\u00c9TICO-PR<br \/>\nSantos; Jonathan, Thiago Heleno, L\u00e9o Pereira, Renan Lodi; Bruno Guimar\u00e3es, Lucho Gonz\u00e1lez (Wellington), Raphael Veiga; Nik\u00e3o (Marcinho), Pablo (Bergson), Marcelo Cirino (Rony). T.: Tiago Nunes<\/p>\n<p>JUNIOR BARRANQUILLA<br \/>\nViera; Piedrahita, Jefferson G\u00f3mez (\u00c1vila), Rafael P\u00e9rez, Fuentes; Narv\u00e1ez, James S\u00e1nchez (Yony Gonz\u00e1lez), Barrera (Moreno), Cantillo; T\u00e9o Gutierrez, Luis D\u00edaz. T.: Julio Comesa\u00f1a<\/p>\n<p>Est\u00e1dio: Arena da Baixada, em Curitiba (PR)<br \/>\nJuiz: Roberto Tobar (CHI)<br \/>\nCart\u00f5es amarelos: Jonathan, Wellington (Atl\u00e9tico-PR); Yony Gonz\u00e1lez, Narv\u00e1ez, J\u00e9fferson G\u00f3mez, Piedrahita (Junior)<br \/>\nGols: Pablo, aos 25min do primeiro tempo (Atl\u00e9tico-PR); T\u00e9o Guti\u00e9rrez, aos 12min do segundo tempo (Junior).<\/p>\n<p>&nbsp;<\/p>\n<p>FolhaPress<\/p>\n","protected":false},"excerpt":{"rendered":"<p>A ta\u00e7a da Copa Sul-Americana 2018 \u00e9 brasileira. Em decis\u00e3o eletrizante disputada na noite desta quarta-feira (12), o Atl\u00e9tico-PR n\u00e3o decepcionou a torcida que lotou&hellip; <\/p>\n","protected":false},"author":1,"featured_media":76302,"comment_status":"closed","ping_status":"closed","sticky":false,"template":"","format":"standard","meta":{"sfsi_plus_gutenberg_text_before_share":"","sfsi_plus_gutenberg_show_text_before_share":"","sfsi_plus_gutenberg_icon_type":"","sfsi_plus_gutenberg_icon_alignemt":"","sfsi_plus_gutenburg_max_per_row":"","footnotes":""},"categories":[13],"tags":[],"class_list":["post-76301","post","type-post","status-publish","format-standard","has-post-thumbnail","hentry","category-esportes"],"_links":{"self":[{"href":"https:\/\/www.caririemacao.com\/1\/wp-json\/wp\/v2\/posts\/76301","targetHints":{"allow":["GET"]}}],"collection":[{"href":"https:\/\/www.caririemacao.com\/1\/wp-json\/wp\/v2\/posts"}],"about":[{"href":"https:\/\/www.caririemacao.com\/1\/wp-json\/wp\/v2\/types\/post"}],"author":[{"embeddable":true,"href":"https:\/\/www.caririemacao.com\/1\/wp-json\/wp\/v2\/users\/1"}],"replies":[{"embeddable":true,"href":"https:\/\/www.caririemacao.com\/1\/wp-json\/wp\/v2\/comments?post=76301"}],"version-history":[{"count":1,"href":"https:\/\/www.caririemacao.com\/1\/wp-json\/wp\/v2\/posts\/76301\/revisions"}],"predecessor-version":[{"id":76303,"href":"https:\/\/www.caririemacao.com\/1\/wp-json\/wp\/v2\/posts\/76301\/revisions\/76303"}],"wp:featuredmedia":[{"embeddable":true,"href":"https:\/\/www.caririemacao.com\/1\/wp-json\/wp\/v2\/media\/76302"}],"wp:attachment":[{"href":"https:\/\/www.caririemacao.com\/1\/wp-json\/wp\/v2\/media?parent=76301"}],"wp:term":[{"taxonomy":"category","embeddable":true,"href":"https:\/\/www.caririemacao.com\/1\/wp-json\/wp\/v2\/categories?post=76301"},{"taxonomy":"post_tag","embeddable":true,"href":"https:\/\/www.caririemacao.com\/1\/wp-json\/wp\/v2\/tags?post=76301"}],"curies":[{"name":"wp","href":"https:\/\/api.w.org\/{rel}","templated":true}]}}