{"id":76306,"date":"2018-12-13T08:10:11","date_gmt":"2018-12-13T11:10:11","guid":{"rendered":"http:\/\/www.caririemacao.com\/1\/?p=76306"},"modified":"2018-12-13T08:10:11","modified_gmt":"2018-12-13T11:10:11","slug":"em-live-no-facebook-bolsonaro-diz-que-ele-e-filho-pagarao-a-conta-se-houver-algo-de-errado-com-ex-assessor","status":"publish","type":"post","link":"https:\/\/www.caririemacao.com\/1\/2018\/12\/13\/em-live-no-facebook-bolsonaro-diz-que-ele-e-filho-pagarao-a-conta-se-houver-algo-de-errado-com-ex-assessor\/","title":{"rendered":"Em live no Facebook, Bolsonaro diz que ele e filho pagar\u00e3o \u2018a conta\u2019 se houver algo de \u2018errado\u2019 com ex-assessor"},"content":{"rendered":"<p>O presidente eleito\u00a0Jair Bolsonaro\u00a0afirmou nesta quarta-feira (12)\u00a0 durante durante transmiss\u00e3o ao vivo no Facebook que ele e o filho\u00a0Fl\u00e1vio Bolsonaro\u00a0pagar\u00e3o \u201ca conta\u201d se houver algo de \u201cerrado\u201d com Fabr\u00edcio Jos\u00e9 Carlos de Queiroz, ex-assessor de Fl\u00e1vio.<\/p>\n<p>Ele falava\u00a0 sobre o fato de o Conselho de Controle de Atividades Financeiras (Coaf) ter encontrado\u00a0movimenta\u00e7\u00e3o suspeita de R$ 1,2 milh\u00e3o\u00a0na conta do ex-motorista de Fl\u00e1vio.<\/p>\n<p>\u201cSe algo estiver errado, seja comigo, com meu filho ou com o Queiroz, que paguemos a conta deste erro, porque n\u00f3s n\u00e3o podemos comungar com o erro de ningu\u00e9m. Da minha parte, estou aberto a quem quiser fazer qualquer pergunta sobre este assunto, tenho sempre me colocado \u00e0 disposi\u00e7\u00e3o e o que a gente mais quer \u00e9 que isso seja esclarecido o mais r\u00e1pido poss\u00edvel, sejam apuradas as responsabilidades, se \u00e9 minha, se \u00e9 do meu filho, se \u00e9 do Queiroz ou de ningu\u00e9m\u201d, afirmou Bolsonaro.<\/p>\n<p><strong>Entenda o caso<\/strong><\/p>\n<p>Segundo o Coaf, nove funcion\u00e1rios do gabinete de Fl\u00e1vio Bolsonaro\u00a0transferiam dinheiro para a conta de Fabr\u00edcio Queiroz\u00a0em datas que coincidem com as datas de pagamento da Assembleia Legislativa do Rio de Janeiro \u2013 Fl\u00e1vio Bolsonaro \u00e9 deputado estadual e senador eleito.<\/p>\n<p>&nbsp;<\/p>\n","protected":false},"excerpt":{"rendered":"<p>O presidente eleito\u00a0Jair Bolsonaro\u00a0afirmou nesta quarta-feira (12)\u00a0 durante durante transmiss\u00e3o ao vivo no Facebook que ele e o filho\u00a0Fl\u00e1vio Bolsonaro\u00a0pagar\u00e3o \u201ca conta\u201d se houver algo&hellip; <\/p>\n","protected":false},"author":1,"featured_media":73087,"comment_status":"closed","ping_status":"closed","sticky":false,"template":"","format":"standard","meta":{"sfsi_plus_gutenberg_text_before_share":"","sfsi_plus_gutenberg_show_text_before_share":"","sfsi_plus_gutenberg_icon_type":"","sfsi_plus_gutenberg_icon_alignemt":"","sfsi_plus_gutenburg_max_per_row":"","footnotes":""},"categories":[11],"tags":[],"class_list":["post-76306","post","type-post","status-publish","format-standard","has-post-thumbnail","hentry","category-politica"],"_links":{"self":[{"href":"https:\/\/www.caririemacao.com\/1\/wp-json\/wp\/v2\/posts\/76306","targetHints":{"allow":["GET"]}}],"collection":[{"href":"https:\/\/www.caririemacao.com\/1\/wp-json\/wp\/v2\/posts"}],"about":[{"href":"https:\/\/www.caririemacao.com\/1\/wp-json\/wp\/v2\/types\/post"}],"author":[{"embeddable":true,"href":"https:\/\/www.caririemacao.com\/1\/wp-json\/wp\/v2\/users\/1"}],"replies":[{"embeddable":true,"href":"https:\/\/www.caririemacao.com\/1\/wp-json\/wp\/v2\/comments?post=76306"}],"version-history":[{"count":1,"href":"https:\/\/www.caririemacao.com\/1\/wp-json\/wp\/v2\/posts\/76306\/revisions"}],"predecessor-version":[{"id":76309,"href":"https:\/\/www.caririemacao.com\/1\/wp-json\/wp\/v2\/posts\/76306\/revisions\/76309"}],"wp:featuredmedia":[{"embeddable":true,"href":"https:\/\/www.caririemacao.com\/1\/wp-json\/wp\/v2\/media\/73087"}],"wp:attachment":[{"href":"https:\/\/www.caririemacao.com\/1\/wp-json\/wp\/v2\/media?parent=76306"}],"wp:term":[{"taxonomy":"category","embeddable":true,"href":"https:\/\/www.caririemacao.com\/1\/wp-json\/wp\/v2\/categories?post=76306"},{"taxonomy":"post_tag","embeddable":true,"href":"https:\/\/www.caririemacao.com\/1\/wp-json\/wp\/v2\/tags?post=76306"}],"curies":[{"name":"wp","href":"https:\/\/api.w.org\/{rel}","templated":true}]}}