{"id":76307,"date":"2018-12-13T08:07:26","date_gmt":"2018-12-13T11:07:26","guid":{"rendered":"http:\/\/www.caririemacao.com\/1\/?p=76307"},"modified":"2018-12-13T10:45:03","modified_gmt":"2018-12-13T13:45:03","slug":"prefeitura-antecipa-repasse-do-duodecimo-a-camara-de-vereadores-de-camalau","status":"publish","type":"post","link":"https:\/\/www.caririemacao.com\/1\/2018\/12\/13\/prefeitura-antecipa-repasse-do-duodecimo-a-camara-de-vereadores-de-camalau\/","title":{"rendered":"Prefeitura antecipa repasse do Duod\u00e9cimo \u00e0 C\u00e2mara de Vereadores de Camala\u00fa"},"content":{"rendered":"<p>Nesta quarta-feira (12) a Prefeitura Municipal de Camala\u00fa fez o repasse do duod\u00e9cimo \u00e0 C\u00e2mara Municipal, antecipando o pagamento em 8 dias. O repasse\u00a0para o Legislativo, uma obriga\u00e7\u00e3o constitucional, sempre \u00e9 feito no dia 20 de cada m\u00eas.<\/p>\n<p>No entanto, o prefeito Sandro M\u00f4co, junto com sua equipe financeira, fez uma gest\u00e3o financeira durante o ano de 2018 e conseguiu organizar as contas.\u00a0 &#8220;Por conta dessa organiza\u00e7\u00e3o e controle financeiro decidimos fazer o adiantamento para que a Casa Legislativa efetue os pagamentos aos servidores e at\u00e9 mesmo aos vereadores, e pague todas suas despesas&#8221;, comentou.<\/p>\n","protected":false},"excerpt":{"rendered":"<p>Nesta quarta-feira (12) a Prefeitura Municipal de Camala\u00fa fez o repasse do duod\u00e9cimo \u00e0 C\u00e2mara Municipal, antecipando o pagamento em 8 dias. O repasse\u00a0para o&hellip; <\/p>\n","protected":false},"author":2,"featured_media":52127,"comment_status":"closed","ping_status":"closed","sticky":false,"template":"","format":"standard","meta":{"sfsi_plus_gutenberg_text_before_share":"","sfsi_plus_gutenberg_show_text_before_share":"","sfsi_plus_gutenberg_icon_type":"","sfsi_plus_gutenberg_icon_alignemt":"","sfsi_plus_gutenburg_max_per_row":"","footnotes":""},"categories":[6,50],"tags":[],"class_list":["post-76307","post","type-post","status-publish","format-standard","has-post-thumbnail","hentry","category-cidades","category-destaque"],"_links":{"self":[{"href":"https:\/\/www.caririemacao.com\/1\/wp-json\/wp\/v2\/posts\/76307","targetHints":{"allow":["GET"]}}],"collection":[{"href":"https:\/\/www.caririemacao.com\/1\/wp-json\/wp\/v2\/posts"}],"about":[{"href":"https:\/\/www.caririemacao.com\/1\/wp-json\/wp\/v2\/types\/post"}],"author":[{"embeddable":true,"href":"https:\/\/www.caririemacao.com\/1\/wp-json\/wp\/v2\/users\/2"}],"replies":[{"embeddable":true,"href":"https:\/\/www.caririemacao.com\/1\/wp-json\/wp\/v2\/comments?post=76307"}],"version-history":[{"count":1,"href":"https:\/\/www.caririemacao.com\/1\/wp-json\/wp\/v2\/posts\/76307\/revisions"}],"predecessor-version":[{"id":76308,"href":"https:\/\/www.caririemacao.com\/1\/wp-json\/wp\/v2\/posts\/76307\/revisions\/76308"}],"wp:featuredmedia":[{"embeddable":true,"href":"https:\/\/www.caririemacao.com\/1\/wp-json\/wp\/v2\/media\/52127"}],"wp:attachment":[{"href":"https:\/\/www.caririemacao.com\/1\/wp-json\/wp\/v2\/media?parent=76307"}],"wp:term":[{"taxonomy":"category","embeddable":true,"href":"https:\/\/www.caririemacao.com\/1\/wp-json\/wp\/v2\/categories?post=76307"},{"taxonomy":"post_tag","embeddable":true,"href":"https:\/\/www.caririemacao.com\/1\/wp-json\/wp\/v2\/tags?post=76307"}],"curies":[{"name":"wp","href":"https:\/\/api.w.org\/{rel}","templated":true}]}}