{"id":76310,"date":"2018-12-13T08:13:14","date_gmt":"2018-12-13T11:13:14","guid":{"rendered":"http:\/\/www.caririemacao.com\/1\/?p=76310"},"modified":"2018-12-13T08:13:14","modified_gmt":"2018-12-13T11:13:14","slug":"estado-vai-contratar-os-para-gerir-upas","status":"publish","type":"post","link":"https:\/\/www.caririemacao.com\/1\/2018\/12\/13\/estado-vai-contratar-os-para-gerir-upas\/","title":{"rendered":"Estado vai contratar OS para gerir UPAs"},"content":{"rendered":"<p>O Governo do Estado divulgou editais para contratar Organiza\u00e7\u00f5es Sociais respons\u00e1veis por gerir o servi\u00e7o de Sa\u00fade nas UPAs de Santa Rita, que fica na Grande Jo\u00e3o Pessoa, Guarabira, no Brejo do Estado, e Princesa Isabel, no Sert\u00e3o.<\/p>\n<p>Atualmente as unidades j\u00e1 contam com o servi\u00e7o, mas como os contratos est\u00e3o pr\u00f3ximos ao fim, a Secretaria de Sa\u00fade convocou novas OS.\u00a0\u00a0<strong><a href=\"http:\/\/paraiba.pb.gov.br\/saude\/licitacoes\/\">Confira aqui os editais<\/a><\/strong>.<\/p>\n<p>De acordo com a publica\u00e7\u00e3o, as inscri\u00e7\u00f5es das organiza\u00e7\u00f5es para a unidade de Santa Rita ter\u00e3o in\u00edcio no dia 26 de dezembro, j\u00e1 para Guarabira no dia 27, e Princesa Isabel dia 28.<\/p>\n<p>Segundo a Secretaria de Sa\u00fade, as OS ter\u00e3o que \u201coferecer a\u00e7\u00f5es e servi\u00e7os de sa\u00fade aos usu\u00e1rios em condi\u00e7\u00f5es agudas que requeiram atendimento de urg\u00eancia e emerg\u00eancia, obedecendo aos padr\u00f5es da mais alta qualidade t\u00e9cnica esperados para uma gest\u00e3o profissionalizada e moderna, que garanta efici\u00eancia na busca da efic\u00e1cia, resultando em maior efetividade e economicidade, de forma a consolidar o papel deste servi\u00e7o como refer\u00eancia regional na aten\u00e7\u00e3o \u00e0s urg\u00eancias e emerg\u00eancias aos munic\u00edpios\u201d.<\/p>\n<p><strong>MaisPB<\/strong><\/p>\n","protected":false},"excerpt":{"rendered":"<p>O Governo do Estado divulgou editais para contratar Organiza\u00e7\u00f5es Sociais respons\u00e1veis por gerir o servi\u00e7o de Sa\u00fade nas UPAs de Santa Rita, que fica na&hellip; <\/p>\n","protected":false},"author":1,"featured_media":45027,"comment_status":"closed","ping_status":"closed","sticky":false,"template":"","format":"standard","meta":{"sfsi_plus_gutenberg_text_before_share":"","sfsi_plus_gutenberg_show_text_before_share":"","sfsi_plus_gutenberg_icon_type":"","sfsi_plus_gutenberg_icon_alignemt":"","sfsi_plus_gutenburg_max_per_row":"","footnotes":""},"categories":[16],"tags":[],"class_list":["post-76310","post","type-post","status-publish","format-standard","has-post-thumbnail","hentry","category-saude"],"_links":{"self":[{"href":"https:\/\/www.caririemacao.com\/1\/wp-json\/wp\/v2\/posts\/76310","targetHints":{"allow":["GET"]}}],"collection":[{"href":"https:\/\/www.caririemacao.com\/1\/wp-json\/wp\/v2\/posts"}],"about":[{"href":"https:\/\/www.caririemacao.com\/1\/wp-json\/wp\/v2\/types\/post"}],"author":[{"embeddable":true,"href":"https:\/\/www.caririemacao.com\/1\/wp-json\/wp\/v2\/users\/1"}],"replies":[{"embeddable":true,"href":"https:\/\/www.caririemacao.com\/1\/wp-json\/wp\/v2\/comments?post=76310"}],"version-history":[{"count":1,"href":"https:\/\/www.caririemacao.com\/1\/wp-json\/wp\/v2\/posts\/76310\/revisions"}],"predecessor-version":[{"id":76311,"href":"https:\/\/www.caririemacao.com\/1\/wp-json\/wp\/v2\/posts\/76310\/revisions\/76311"}],"wp:featuredmedia":[{"embeddable":true,"href":"https:\/\/www.caririemacao.com\/1\/wp-json\/wp\/v2\/media\/45027"}],"wp:attachment":[{"href":"https:\/\/www.caririemacao.com\/1\/wp-json\/wp\/v2\/media?parent=76310"}],"wp:term":[{"taxonomy":"category","embeddable":true,"href":"https:\/\/www.caririemacao.com\/1\/wp-json\/wp\/v2\/categories?post=76310"},{"taxonomy":"post_tag","embeddable":true,"href":"https:\/\/www.caririemacao.com\/1\/wp-json\/wp\/v2\/tags?post=76310"}],"curies":[{"name":"wp","href":"https:\/\/api.w.org\/{rel}","templated":true}]}}