{"id":76313,"date":"2018-12-13T08:20:23","date_gmt":"2018-12-13T11:20:23","guid":{"rendered":"http:\/\/www.caririemacao.com\/1\/?p=76313"},"modified":"2018-12-13T08:20:23","modified_gmt":"2018-12-13T11:20:23","slug":"vereador-celio-moco-recebe-neste-sabado-premio-referencia-como-um-dos-vereadores-mais-atuantes-em-camalau","status":"publish","type":"post","link":"https:\/\/www.caririemacao.com\/1\/2018\/12\/13\/vereador-celio-moco-recebe-neste-sabado-premio-referencia-como-um-dos-vereadores-mais-atuantes-em-camalau\/","title":{"rendered":"Vereador C\u00e9lio M\u00f4co recebe neste s\u00e1bado Pr\u00eamio Refer\u00eancia como um dos vereadores mais atuantes em Camala\u00fa"},"content":{"rendered":"<p>O vereador e professor C\u00e9lio M\u00f4co, estar\u00e1 recebendo neste s\u00e1bado na cidade de Monteiro o Pr\u00eamio Refer\u00eancia, como um dos maiores vereadores mais atuantes no munic\u00edpio de Camala\u00fa.<\/p>\n<p>C\u00e9lio est\u00e1 no seu primeiro mandato como vereador, e vem desempenhando um importante papel nas fun\u00e7\u00f5es de legislador no parlamento mirim camalauense.<\/p>\n<div class=\"649WMAbd\"><ins class=\"adsbygoogle\" data-ad-client=\"ca-pub-2976411263599525\" data-ad-slot=\"7993921194\" data-ad-format=\"auto\" data-adsbygoogle-status=\"done\"><ins id=\"aswift_1_expand\"><ins id=\"aswift_1_anchor\"><\/ins><\/ins><\/ins>C\u00e9lio estar\u00e1 recebendo o pr\u00eamio juntamente com os vereadores Ant\u00f4nio Bezerra e Bhira Mariano, que s\u00e3o companheiros de bancada.<\/div>\n<div><\/div>\n<div>CN<\/div>\n","protected":false},"excerpt":{"rendered":"<p>O vereador e professor C\u00e9lio M\u00f4co, estar\u00e1 recebendo neste s\u00e1bado na cidade de Monteiro o Pr\u00eamio Refer\u00eancia, como um dos maiores vereadores mais atuantes no&hellip; <\/p>\n","protected":false},"author":1,"featured_media":76314,"comment_status":"closed","ping_status":"closed","sticky":false,"template":"","format":"standard","meta":{"sfsi_plus_gutenberg_text_before_share":"","sfsi_plus_gutenberg_show_text_before_share":"","sfsi_plus_gutenberg_icon_type":"","sfsi_plus_gutenberg_icon_alignemt":"","sfsi_plus_gutenburg_max_per_row":"","footnotes":""},"categories":[50,11],"tags":[],"class_list":["post-76313","post","type-post","status-publish","format-standard","has-post-thumbnail","hentry","category-destaque","category-politica"],"_links":{"self":[{"href":"https:\/\/www.caririemacao.com\/1\/wp-json\/wp\/v2\/posts\/76313","targetHints":{"allow":["GET"]}}],"collection":[{"href":"https:\/\/www.caririemacao.com\/1\/wp-json\/wp\/v2\/posts"}],"about":[{"href":"https:\/\/www.caririemacao.com\/1\/wp-json\/wp\/v2\/types\/post"}],"author":[{"embeddable":true,"href":"https:\/\/www.caririemacao.com\/1\/wp-json\/wp\/v2\/users\/1"}],"replies":[{"embeddable":true,"href":"https:\/\/www.caririemacao.com\/1\/wp-json\/wp\/v2\/comments?post=76313"}],"version-history":[{"count":1,"href":"https:\/\/www.caririemacao.com\/1\/wp-json\/wp\/v2\/posts\/76313\/revisions"}],"predecessor-version":[{"id":76315,"href":"https:\/\/www.caririemacao.com\/1\/wp-json\/wp\/v2\/posts\/76313\/revisions\/76315"}],"wp:featuredmedia":[{"embeddable":true,"href":"https:\/\/www.caririemacao.com\/1\/wp-json\/wp\/v2\/media\/76314"}],"wp:attachment":[{"href":"https:\/\/www.caririemacao.com\/1\/wp-json\/wp\/v2\/media?parent=76313"}],"wp:term":[{"taxonomy":"category","embeddable":true,"href":"https:\/\/www.caririemacao.com\/1\/wp-json\/wp\/v2\/categories?post=76313"},{"taxonomy":"post_tag","embeddable":true,"href":"https:\/\/www.caririemacao.com\/1\/wp-json\/wp\/v2\/tags?post=76313"}],"curies":[{"name":"wp","href":"https:\/\/api.w.org\/{rel}","templated":true}]}}