{"id":76325,"date":"2018-12-13T08:57:23","date_gmt":"2018-12-13T11:57:23","guid":{"rendered":"http:\/\/www.caririemacao.com\/1\/?p=76325"},"modified":"2018-12-13T08:57:23","modified_gmt":"2018-12-13T11:57:23","slug":"policial-mata-jovem-e-fere-outro-em-confraternizacao-ao-confundi-los-com-bandidos-assista","status":"publish","type":"post","link":"https:\/\/www.caririemacao.com\/1\/2018\/12\/13\/policial-mata-jovem-e-fere-outro-em-confraternizacao-ao-confundi-los-com-bandidos-assista\/","title":{"rendered":"Policial mata jovem e fere outro em confraterniza\u00e7\u00e3o ao &#8216;confundi-los&#8217; com bandidos; assista"},"content":{"rendered":"<p>Uma festa de Confraterniza\u00e7\u00e3o de fima de ano terminou numa trag\u00e9dia na noite desta quarta-feira no bairro do Bessa, em Jo\u00e3o Pessoa.\u00a0 V\u00e1rios amigos que trabalhava em uma mesma loja, foram comemorar o anivers\u00e1rio do propriet\u00e1rio do estabelecimento.<\/p>\n<p>Dois funcion\u00e1rios foram na frente em uma moto aguardar os demais amigos que estavam vindo em um ve\u00edculo Uber. Ao chegar em frente a pizzaria, foram surpreendidos por v\u00e1rios disparos efetuados por um poss\u00edvel seguran\u00e7a do estabelecimento comercial.<\/p>\n<div><\/div>\n<div>Dois foram baleados, um jovem de 25 anos identificado como Faustino J\u00fanior n\u00e3o resistiu \u00e0 gravidade dos ferimentos e morreu. O\u00a0 motorista do ve\u00edculo Uber, sofreu um tiro e foi encaminhado para o bloco cir\u00fargico em estado considerado grave.<\/div>\n<div><\/div>\n<div>No local, o delegado de plant\u00e3o Paulo Josaf\u00e1, solicitou o exame pericial onde foram recolhidas v\u00e1rias c\u00e1psulas de pistola para exames. Testemunhas afirmaram que o homem que efetuou os disparos trabalha na pizzaria, ap\u00f3s os disparos o acusado fugiu.<\/div>\n<div><\/div>\n<div>\n<div class=\"video paisagem \"><\/div>\n<div class=\"video paisagem \">Para\u00edba.com<\/div>\n<\/div>\n","protected":false},"excerpt":{"rendered":"<p>Uma festa de Confraterniza\u00e7\u00e3o de fima de ano terminou numa trag\u00e9dia na noite desta quarta-feira no bairro do Bessa, em Jo\u00e3o Pessoa.\u00a0 V\u00e1rios amigos que&hellip; <\/p>\n","protected":false},"author":1,"featured_media":69131,"comment_status":"closed","ping_status":"closed","sticky":false,"template":"","format":"standard","meta":{"sfsi_plus_gutenberg_text_before_share":"","sfsi_plus_gutenberg_show_text_before_share":"","sfsi_plus_gutenberg_icon_type":"","sfsi_plus_gutenberg_icon_alignemt":"","sfsi_plus_gutenburg_max_per_row":"","footnotes":""},"categories":[50,12],"tags":[],"class_list":["post-76325","post","type-post","status-publish","format-standard","has-post-thumbnail","hentry","category-destaque","category-policia"],"_links":{"self":[{"href":"https:\/\/www.caririemacao.com\/1\/wp-json\/wp\/v2\/posts\/76325","targetHints":{"allow":["GET"]}}],"collection":[{"href":"https:\/\/www.caririemacao.com\/1\/wp-json\/wp\/v2\/posts"}],"about":[{"href":"https:\/\/www.caririemacao.com\/1\/wp-json\/wp\/v2\/types\/post"}],"author":[{"embeddable":true,"href":"https:\/\/www.caririemacao.com\/1\/wp-json\/wp\/v2\/users\/1"}],"replies":[{"embeddable":true,"href":"https:\/\/www.caririemacao.com\/1\/wp-json\/wp\/v2\/comments?post=76325"}],"version-history":[{"count":1,"href":"https:\/\/www.caririemacao.com\/1\/wp-json\/wp\/v2\/posts\/76325\/revisions"}],"predecessor-version":[{"id":76334,"href":"https:\/\/www.caririemacao.com\/1\/wp-json\/wp\/v2\/posts\/76325\/revisions\/76334"}],"wp:featuredmedia":[{"embeddable":true,"href":"https:\/\/www.caririemacao.com\/1\/wp-json\/wp\/v2\/media\/69131"}],"wp:attachment":[{"href":"https:\/\/www.caririemacao.com\/1\/wp-json\/wp\/v2\/media?parent=76325"}],"wp:term":[{"taxonomy":"category","embeddable":true,"href":"https:\/\/www.caririemacao.com\/1\/wp-json\/wp\/v2\/categories?post=76325"},{"taxonomy":"post_tag","embeddable":true,"href":"https:\/\/www.caririemacao.com\/1\/wp-json\/wp\/v2\/tags?post=76325"}],"curies":[{"name":"wp","href":"https:\/\/api.w.org\/{rel}","templated":true}]}}