{"id":76338,"date":"2018-12-13T10:40:18","date_gmt":"2018-12-13T13:40:18","guid":{"rendered":"http:\/\/www.caririemacao.com\/1\/?p=76338"},"modified":"2018-12-13T10:59:02","modified_gmt":"2018-12-13T13:59:02","slug":"camara-de-caraubas-realiza-ultima-sessao-ordinaria-de-2018","status":"publish","type":"post","link":"https:\/\/www.caririemacao.com\/1\/2018\/12\/13\/camara-de-caraubas-realiza-ultima-sessao-ordinaria-de-2018\/","title":{"rendered":"C\u00e2mara de Cara\u00fabas realiza \u00faltima sess\u00e3o ordin\u00e1ria de 2018"},"content":{"rendered":"<p>A C\u00e2mara Municipal de Vereadores de Cara\u00fabas se reuniu na noite desta ter\u00e7a-feira (11) para discutir diversos assuntos de interesse da popula\u00e7\u00e3o caraubense. A sess\u00e3o foi conduzida pelo presidente Renivan Neves e contou com a presen\u00e7a dos nove vereadores.<\/p>\n<p><img fetchpriority=\"high\" decoding=\"async\" class=\"alignnone size-medium wp-image-76339\" src=\"http:\/\/www.caririemacao.com\/1\/wp-content\/uploads\/2018\/12\/DSCN0020-20181212-300x225.jpg\" alt=\"\" width=\"300\" height=\"225\" srcset=\"https:\/\/www.caririemacao.com\/1\/wp-content\/uploads\/2018\/12\/DSCN0020-20181212-300x225.jpg 300w, https:\/\/www.caririemacao.com\/1\/wp-content\/uploads\/2018\/12\/DSCN0020-20181212-768x576.jpg 768w, https:\/\/www.caririemacao.com\/1\/wp-content\/uploads\/2018\/12\/DSCN0020-20181212-1024x768.jpg 1024w, https:\/\/www.caririemacao.com\/1\/wp-content\/uploads\/2018\/12\/DSCN0020-20181212.jpg 1600w\" sizes=\"(max-width: 300px) 100vw, 300px\" \/> <img decoding=\"async\" class=\"alignnone size-medium wp-image-76340 lazyload\" data-src=\"http:\/\/www.caririemacao.com\/1\/wp-content\/uploads\/2018\/12\/DSCN0116-20181212-300x225.jpg\" alt=\"\" width=\"300\" height=\"225\" data-srcset=\"https:\/\/www.caririemacao.com\/1\/wp-content\/uploads\/2018\/12\/DSCN0116-20181212-300x225.jpg 300w, https:\/\/www.caririemacao.com\/1\/wp-content\/uploads\/2018\/12\/DSCN0116-20181212-768x576.jpg 768w, https:\/\/www.caririemacao.com\/1\/wp-content\/uploads\/2018\/12\/DSCN0116-20181212-1024x768.jpg 1024w, https:\/\/www.caririemacao.com\/1\/wp-content\/uploads\/2018\/12\/DSCN0116-20181212.jpg 1600w\" data-sizes=\"(max-width: 300px) 100vw, 300px\" src=\"data:image\/svg+xml;base64,PHN2ZyB3aWR0aD0iMSIgaGVpZ2h0PSIxIiB4bWxucz0iaHR0cDovL3d3dy53My5vcmcvMjAwMC9zdmciPjwvc3ZnPg==\" style=\"--smush-placeholder-width: 300px; --smush-placeholder-aspect-ratio: 300\/225;\" \/><\/p>\n<p>A sess\u00e3o foi prestigiada por um grande n\u00famero de populares e ainda pelo vice-prefeito do munic\u00edpio Z\u00e9 de Laura, pelos secret\u00e1rios de agricultura Rony Feitosa e o secret\u00e1rio de Finan\u00e7as, Silvio Fernandes, al\u00e9m de membros do concelho tutelar do munic\u00edpio.<\/p>\n<p>Os parlamentares discutiram e aprovaram cinco projetos de leis (PL) que tem como autor o Poder Executivo Municipal, um decreto legislativo e dois requerimentos.<\/p>\n<p><img decoding=\"async\" class=\"aligncenter wp-image-76341 size-full lazyload\" data-src=\"http:\/\/www.caririemacao.com\/1\/wp-content\/uploads\/2018\/12\/DSCN0071-20181212.jpg\" alt=\"\" width=\"1600\" height=\"1200\" data-srcset=\"https:\/\/www.caririemacao.com\/1\/wp-content\/uploads\/2018\/12\/DSCN0071-20181212.jpg 1600w, https:\/\/www.caririemacao.com\/1\/wp-content\/uploads\/2018\/12\/DSCN0071-20181212-300x225.jpg 300w, https:\/\/www.caririemacao.com\/1\/wp-content\/uploads\/2018\/12\/DSCN0071-20181212-768x576.jpg 768w, https:\/\/www.caririemacao.com\/1\/wp-content\/uploads\/2018\/12\/DSCN0071-20181212-1024x768.jpg 1024w\" data-sizes=\"(max-width: 1600px) 100vw, 1600px\" src=\"data:image\/svg+xml;base64,PHN2ZyB3aWR0aD0iMSIgaGVpZ2h0PSIxIiB4bWxucz0iaHR0cDovL3d3dy53My5vcmcvMjAwMC9zdmciPjwvc3ZnPg==\" style=\"--smush-placeholder-width: 1600px; --smush-placeholder-aspect-ratio: 1600\/1200;\" \/><\/p>\n<p>Os vereadores aprovaram por unanimidade o Projeto da Lei Or\u00e7ament\u00e1ria Anual para o exerc\u00edcio financeiro de 2019, o PL 015 \/2018 que solicita abertura de cr\u00e9dito suplementar, PL 016\/2018 que altera anexos da LDO\/2019 e o PL 017\/2018 que requer a autoriza\u00e7\u00e3o da C\u00e2mara para realizar a abertura de cr\u00e9dito especial.<\/p>\n<p><img decoding=\"async\" class=\"alignnone wp-image-76346 size-full lazyload\" data-src=\"http:\/\/www.caririemacao.com\/1\/wp-content\/uploads\/2018\/12\/DSCN0011-20181212.jpg\" alt=\"\" width=\"1600\" height=\"1200\" data-srcset=\"https:\/\/www.caririemacao.com\/1\/wp-content\/uploads\/2018\/12\/DSCN0011-20181212.jpg 1600w, https:\/\/www.caririemacao.com\/1\/wp-content\/uploads\/2018\/12\/DSCN0011-20181212-300x225.jpg 300w, https:\/\/www.caririemacao.com\/1\/wp-content\/uploads\/2018\/12\/DSCN0011-20181212-768x576.jpg 768w, https:\/\/www.caririemacao.com\/1\/wp-content\/uploads\/2018\/12\/DSCN0011-20181212-1024x768.jpg 1024w\" data-sizes=\"(max-width: 1600px) 100vw, 1600px\" src=\"data:image\/svg+xml;base64,PHN2ZyB3aWR0aD0iMSIgaGVpZ2h0PSIxIiB4bWxucz0iaHR0cDovL3d3dy53My5vcmcvMjAwMC9zdmciPjwvc3ZnPg==\" style=\"--smush-placeholder-width: 1600px; --smush-placeholder-aspect-ratio: 1600\/1200;\" \/><\/p>\n<p>Ap\u00f3s as discuss\u00f5es, os vereadores tamb\u00e9m aprovaram o decreto legislativo da vereadora Cleoneide Amara de Assis Fernandes (Neide) que concede Titulo de Cidad\u00e3o ao governador Ricardo Vieira Coutinho.<\/p>\n<p>Tamb\u00e9m foi aprovado dois requerimentos da vereadora Neide Fernandes, o primeiro deles, solicitando \u00e0 amplia\u00e7\u00e3o de cemit\u00e9rios p\u00fablicos municipais. No segundo requerimento, Neide tamb\u00e9m indicou a necessidade da constru\u00e7\u00e3o uma central de vel\u00f3rios nos cemit\u00e9rios p\u00fablicos municipais, sendo uma na sede do Munic\u00edpio de Cara\u00fabas e outra no distrito de Barreiras.<\/p>\n<p><img decoding=\"async\" class=\"alignnone size-medium wp-image-76364 lazyload\" data-src=\"http:\/\/www.caririemacao.com\/1\/wp-content\/uploads\/2018\/12\/DSCN0022-20181212-300x225.jpg\" alt=\"\" width=\"300\" height=\"225\" data-srcset=\"https:\/\/www.caririemacao.com\/1\/wp-content\/uploads\/2018\/12\/DSCN0022-20181212-300x225.jpg 300w, https:\/\/www.caririemacao.com\/1\/wp-content\/uploads\/2018\/12\/DSCN0022-20181212-768x576.jpg 768w, https:\/\/www.caririemacao.com\/1\/wp-content\/uploads\/2018\/12\/DSCN0022-20181212-1024x768.jpg 1024w, https:\/\/www.caririemacao.com\/1\/wp-content\/uploads\/2018\/12\/DSCN0022-20181212.jpg 1600w\" data-sizes=\"(max-width: 300px) 100vw, 300px\" src=\"data:image\/svg+xml;base64,PHN2ZyB3aWR0aD0iMSIgaGVpZ2h0PSIxIiB4bWxucz0iaHR0cDovL3d3dy53My5vcmcvMjAwMC9zdmciPjwvc3ZnPg==\" style=\"--smush-placeholder-width: 300px; --smush-placeholder-aspect-ratio: 300\/225;\" \/> <img decoding=\"async\" class=\"alignnone size-medium wp-image-76365 lazyload\" data-src=\"http:\/\/www.caririemacao.com\/1\/wp-content\/uploads\/2018\/12\/DSCN0112-20181212-300x225.jpg\" alt=\"\" width=\"300\" height=\"225\" data-srcset=\"https:\/\/www.caririemacao.com\/1\/wp-content\/uploads\/2018\/12\/DSCN0112-20181212-300x225.jpg 300w, https:\/\/www.caririemacao.com\/1\/wp-content\/uploads\/2018\/12\/DSCN0112-20181212-768x576.jpg 768w, https:\/\/www.caririemacao.com\/1\/wp-content\/uploads\/2018\/12\/DSCN0112-20181212-1024x768.jpg 1024w, https:\/\/www.caririemacao.com\/1\/wp-content\/uploads\/2018\/12\/DSCN0112-20181212.jpg 1600w\" data-sizes=\"(max-width: 300px) 100vw, 300px\" src=\"data:image\/svg+xml;base64,PHN2ZyB3aWR0aD0iMSIgaGVpZ2h0PSIxIiB4bWxucz0iaHR0cDovL3d3dy53My5vcmcvMjAwMC9zdmciPjwvc3ZnPg==\" style=\"--smush-placeholder-width: 300px; --smush-placeholder-aspect-ratio: 300\/225;\" \/><\/p>\n<p>O vereador tamb\u00e9m receberam esclarecimentos do t\u00e9cnico de planejamento urbano, Norberto Gomes, sobre o projeto que faz altera\u00e7\u00f5es importantes no c\u00f3digo tribut\u00e1rio do munic\u00edpio. O PL \u00e9 de autoria da gest\u00e3o municipal e foi aprovado por unanimidade. O contador Joilto Gon\u00e7alves tamb\u00e9m prestou esclarecimentos sobre a Lei Or\u00e7ament\u00e1ria Anual 2019 e tirou todas as d\u00favidas inerentes ao or\u00e7amento municipal.<\/p>\n<h2 style=\"text-align: center;\"><a href=\"https:\/\/www.facebook.com\/pg\/CaririEmAcao\/photos\/?tab=album&amp;album_id=1428554507280568\">Sess\u00e3o da C\u00e2mara de vereadores de Cara\u00fabas<\/a><\/h2>\n<p><div class=\"ose- ose-uid-61860ffcc7a2f325f95435db2160bbe6 ose-embedpress-responsive\" style=\"width:600px; height:550px; max-height:550px; max-width:100%; display:inline-block;\" data-embed-type=\"Facebook\"><iframe allowFullScreen=\"true\" class=\"embera-facebook-iframe-84472 lazyload\" data-src=\"https:\/\/www.facebook.com\/plugins\/post.php?href=https%3A%2F%2Fwww.facebook.com%2Fmedia%2Fset%2F%3Fset%3Da.1428554507280568%26%23038%3Btype%3D1%26%23038%3Bl%3D1655ac6eab&width=600&height=550&show_text=true\" width=\"600\" height=\"550\" style=\"border:none;overflow:hidden\" scrolling=\"no\" frameborder=\"0\" allowTransparency=\"true\" src=\"data:image\/svg+xml;base64,PHN2ZyB3aWR0aD0iMSIgaGVpZ2h0PSIxIiB4bWxucz0iaHR0cDovL3d3dy53My5vcmcvMjAwMC9zdmciPjwvc3ZnPg==\" data-load-mode=\"1\"><\/iframe><\/div><\/p>\n<p style=\"text-align: right;\"><strong><em>Reda\u00e7\u00e3o Cariri em A\u00e7\u00e3o<\/em><\/strong><\/p>\n","protected":false},"excerpt":{"rendered":"<p>A C\u00e2mara Municipal de Vereadores de Cara\u00fabas se reuniu na noite desta ter\u00e7a-feira (11) para discutir diversos assuntos de interesse da popula\u00e7\u00e3o caraubense. A sess\u00e3o&hellip; <\/p>\n","protected":false},"author":1,"featured_media":76366,"comment_status":"closed","ping_status":"closed","sticky":false,"template":"","format":"standard","meta":{"sfsi_plus_gutenberg_text_before_share":"","sfsi_plus_gutenberg_show_text_before_share":"","sfsi_plus_gutenberg_icon_type":"","sfsi_plus_gutenberg_icon_alignemt":"","sfsi_plus_gutenburg_max_per_row":"","footnotes":""},"categories":[50,11],"tags":[],"class_list":["post-76338","post","type-post","status-publish","format-standard","has-post-thumbnail","hentry","category-destaque","category-politica"],"_links":{"self":[{"href":"https:\/\/www.caririemacao.com\/1\/wp-json\/wp\/v2\/posts\/76338","targetHints":{"allow":["GET"]}}],"collection":[{"href":"https:\/\/www.caririemacao.com\/1\/wp-json\/wp\/v2\/posts"}],"about":[{"href":"https:\/\/www.caririemacao.com\/1\/wp-json\/wp\/v2\/types\/post"}],"author":[{"embeddable":true,"href":"https:\/\/www.caririemacao.com\/1\/wp-json\/wp\/v2\/users\/1"}],"replies":[{"embeddable":true,"href":"https:\/\/www.caririemacao.com\/1\/wp-json\/wp\/v2\/comments?post=76338"}],"version-history":[{"count":1,"href":"https:\/\/www.caririemacao.com\/1\/wp-json\/wp\/v2\/posts\/76338\/revisions"}],"predecessor-version":[{"id":76390,"href":"https:\/\/www.caririemacao.com\/1\/wp-json\/wp\/v2\/posts\/76338\/revisions\/76390"}],"wp:featuredmedia":[{"embeddable":true,"href":"https:\/\/www.caririemacao.com\/1\/wp-json\/wp\/v2\/media\/76366"}],"wp:attachment":[{"href":"https:\/\/www.caririemacao.com\/1\/wp-json\/wp\/v2\/media?parent=76338"}],"wp:term":[{"taxonomy":"category","embeddable":true,"href":"https:\/\/www.caririemacao.com\/1\/wp-json\/wp\/v2\/categories?post=76338"},{"taxonomy":"post_tag","embeddable":true,"href":"https:\/\/www.caririemacao.com\/1\/wp-json\/wp\/v2\/tags?post=76338"}],"curies":[{"name":"wp","href":"https:\/\/api.w.org\/{rel}","templated":true}]}}