{"id":76342,"date":"2018-12-13T09:21:03","date_gmt":"2018-12-13T12:21:03","guid":{"rendered":"http:\/\/www.caririemacao.com\/1\/?p=76342"},"modified":"2018-12-13T09:21:03","modified_gmt":"2018-12-13T12:21:03","slug":"nao-me-mate-nao-sou-bandido-diz-amigo-de-jovens-mortos-por-policial-de-pizzaria","status":"publish","type":"post","link":"https:\/\/www.caririemacao.com\/1\/2018\/12\/13\/nao-me-mate-nao-sou-bandido-diz-amigo-de-jovens-mortos-por-policial-de-pizzaria\/","title":{"rendered":"&#8216;N\u00e3o me mate, n\u00e3o sou bandido&#8217;, diz amigo de jovens mortos por policial de pizzaria"},"content":{"rendered":"<p>Um jovem, amigo dos dois baleados por um Policial Militar que fazia seguran\u00e7a de uma pizzaria no bairro do Bessa, comentou que teve medo de ser outra v\u00edtima do seguran\u00e7a.<\/p>\n<p>Os jovens chegavam para uma festa de confraterniza\u00e7\u00e3o e comemora\u00e7\u00e3o do anivers\u00e1rio do propriet\u00e1rio de uma empresa quando dois amigos foram at\u00e9 a frente da pizzaria aguardar outros amigos que chegariam de Uber. Ao chegar em frente ao estabelecimento, os jovens foram surpreendidos com v\u00e1rios tiros do seguran\u00e7a do local que \u00e9 Policial Militar.<\/p>\n<p>O jovem que n\u00e3o foi atingido, e n\u00e3o quis se identificar, afirmou que temeu pela pr\u00f3pria vida naquele momento. Ainda abalado ele disse que soube que uma pessoa ficou ferida e outra morreu, mas n\u00e3o sabia, no momento, quem havia sido e acrescentou: &#8216;n\u00e3o sei o que vou fazer da minha vida&#8217;.<\/p>\n<p>Ele contou que chegou primeiro, juntamente com o amigo, na moto e ficou ali na frente. O rapaz disse que chegou a olhar o seguran\u00e7a e pensar: \u2018Estamos seguros aqui\u2019.<\/p>\n<p>\u201cComo hoje \u00e9 anivers\u00e1rio do meu cunhado a gente veio comemorar na pizzaria, como eu tava de moto a gente veio na frente. Chegamos primeiro e quando eu fui estacionar j\u00e1 tinha uma moto l\u00e1 e n\u00e3o cabia a minha, mas o rapaz afastou a moto para que eu pudesse ocupar o espa\u00e7o. L\u00e1 ficamos conversando e na frente do estabelecimento, ao meu ver, est\u00e1vamos seguros, s\u00f3 esperando o restante do pessoal chegar no carro\u201d, disse o rapaz.<\/p>\n<p>\u201cQuando chegaram e pararam o carro na frente fui falar com eles com o capacete na m\u00e3o, quando me despedi do meu amigo o cara come\u00e7ou atirar. Quando ele atirou no meu amigo e atirou no motorista ele j\u00e1 veio para me matar, ent\u00e3o eu me deitei no ch\u00e3o olhei para ele chorando e falei \u2018n\u00e3o atire, n\u00e3o me mate eu n\u00e3o sou bandido, voc\u00ea t\u00e1 me confundindo\u2019, ele viu que eu tava nervoso e chorando, da\u00ed ele foi se aproximou, baixou arma, olhou para mim, me deu a m\u00e3o, me deu um abra\u00e7o, pediu perd\u00e3o, eu olhei para ele, dei um abra\u00e7o tamb\u00e9m, disse n\u00e3o me mate, olhei meu amigo baleado no ch\u00e3o e ele simplesmente foi embora\u201d narrou o jovem, abalado.<\/p>\n<p>Segundo o jovem, a sua s\u00faplica pela vida fez com que ele fosse poupado e o atirador percebesse o que fez.<\/p>\n<p>\u201cEle reconheceu que eu n\u00e3o era bandido, eu percebi no olhar dele, depois que ele baleou os dois e viu a besteira que cometeu. E se eu n\u00e3o tivesse pedido Ele teria me matado tamb\u00e9m\u201d, finalizou.<\/p>\n<p>Um jovem de 25 anos identificado como Faustino J\u00fanior, n\u00e3o resistiu aos ferimentos, o motorista do Uber levou um tiro e foi encaminhado para o Hospital de Emerg\u00eancia e Trauma de Jo\u00e3o Pessoa e o estado \u00e9 considerado grave.<\/p>\n<div>\n<p>No local, o delegado de plant\u00e3o Paulo Josaf\u00e1, solicitou o exame pericial onde foram recolhidas v\u00e1rias c\u00e1psulas de pistola para exames. Testemunhas afirmaram que o homem que efetuou os disparos trabalha na pizzaria, ap\u00f3s os disparos o acusado fugiu. E que as v\u00edtimas n\u00e3o esbo\u00e7aram nenhum tipo de rea\u00e7\u00e3o.<\/p>\n<p>A pizzaria nega que o policial estivesse trabalhando como seguran\u00e7a do estabelecimento, o que est\u00e1 sendo investigado, e lan\u00e7ou uma nota de esclarecimento:<\/p>\n<p>&nbsp;<\/p>\n<p><iframe id=\"doc_94243\" class=\"scribd_iframe_embed lazyload\" title=\"Nota Pizzaria do Paulista\" data-src=\"https:\/\/www.scribd.com\/embeds\/395612667\/content?start_page=1&amp;view_mode=scroll&amp;access_key=key-2l4y0cfCtbepQHGvfpxE&amp;show_recommendations=true\" width=\"100%\" height=\"600\" frameborder=\"0\" scrolling=\"no\" data-mce-fragment=\"1\" data-aspect-ratio=\"0.7080062794348508\" data-auto-height=\"false\" src=\"data:image\/svg+xml;base64,PHN2ZyB3aWR0aD0iMSIgaGVpZ2h0PSIxIiB4bWxucz0iaHR0cDovL3d3dy53My5vcmcvMjAwMC9zdmciPjwvc3ZnPg==\" data-load-mode=\"1\"><\/iframe>&nbsp;<\/p>\n<\/div>\n<div><\/div>\n","protected":false},"excerpt":{"rendered":"<p>Um jovem, amigo dos dois baleados por um Policial Militar que fazia seguran\u00e7a de uma pizzaria no bairro do Bessa, comentou que teve medo de&hellip; <\/p>\n","protected":false},"author":1,"featured_media":76343,"comment_status":"closed","ping_status":"closed","sticky":false,"template":"","format":"standard","meta":{"sfsi_plus_gutenberg_text_before_share":"","sfsi_plus_gutenberg_show_text_before_share":"","sfsi_plus_gutenberg_icon_type":"","sfsi_plus_gutenberg_icon_alignemt":"","sfsi_plus_gutenburg_max_per_row":"","footnotes":""},"categories":[12],"tags":[],"class_list":["post-76342","post","type-post","status-publish","format-standard","has-post-thumbnail","hentry","category-policia"],"_links":{"self":[{"href":"https:\/\/www.caririemacao.com\/1\/wp-json\/wp\/v2\/posts\/76342","targetHints":{"allow":["GET"]}}],"collection":[{"href":"https:\/\/www.caririemacao.com\/1\/wp-json\/wp\/v2\/posts"}],"about":[{"href":"https:\/\/www.caririemacao.com\/1\/wp-json\/wp\/v2\/types\/post"}],"author":[{"embeddable":true,"href":"https:\/\/www.caririemacao.com\/1\/wp-json\/wp\/v2\/users\/1"}],"replies":[{"embeddable":true,"href":"https:\/\/www.caririemacao.com\/1\/wp-json\/wp\/v2\/comments?post=76342"}],"version-history":[{"count":1,"href":"https:\/\/www.caririemacao.com\/1\/wp-json\/wp\/v2\/posts\/76342\/revisions"}],"predecessor-version":[{"id":76367,"href":"https:\/\/www.caririemacao.com\/1\/wp-json\/wp\/v2\/posts\/76342\/revisions\/76367"}],"wp:featuredmedia":[{"embeddable":true,"href":"https:\/\/www.caririemacao.com\/1\/wp-json\/wp\/v2\/media\/76343"}],"wp:attachment":[{"href":"https:\/\/www.caririemacao.com\/1\/wp-json\/wp\/v2\/media?parent=76342"}],"wp:term":[{"taxonomy":"category","embeddable":true,"href":"https:\/\/www.caririemacao.com\/1\/wp-json\/wp\/v2\/categories?post=76342"},{"taxonomy":"post_tag","embeddable":true,"href":"https:\/\/www.caririemacao.com\/1\/wp-json\/wp\/v2\/tags?post=76342"}],"curies":[{"name":"wp","href":"https:\/\/api.w.org\/{rel}","templated":true}]}}