{"id":76388,"date":"2018-12-13T09:28:37","date_gmt":"2018-12-13T12:28:37","guid":{"rendered":"http:\/\/www.caririemacao.com\/1\/?p=76388"},"modified":"2018-12-13T09:28:37","modified_gmt":"2018-12-13T12:28:37","slug":"pf-cumpre-mandado-de-busca-em-investigacao-de-ameaca-a-bolsonaro","status":"publish","type":"post","link":"https:\/\/www.caririemacao.com\/1\/2018\/12\/13\/pf-cumpre-mandado-de-busca-em-investigacao-de-ameaca-a-bolsonaro\/","title":{"rendered":"PF cumpre mandado de busca em investiga\u00e7\u00e3o de amea\u00e7a a Bolsonaro"},"content":{"rendered":"<p>A Pol\u00edcia Federal cumpre na manh\u00e3 de hoje (13), no Rio de Janeiro, um mandado de busca e apreens\u00e3o expedido pela 7\u00aa Vara Federal Criminal do estado, com o objetivo de identificar o autor de postagens com amea\u00e7as de morte do ent\u00e3o candidato \u00e0 Presid\u00eancia da Rep\u00fablica, Jair Bolsonaro.<\/p>\n<p>A a\u00e7\u00e3o ocorre no bairro Maracan\u00e3, na zona norte da cidade. O investigado, segundo nota da Pol\u00edcia Federal, \u00e9 um homem de 23 anos, cuja identidade n\u00e3o foi revelada.<\/p>\n<p>Segundo as informa\u00e7\u00f5es da PF, ele insultou ainda o vice-presidente eleito, general Hamilton Mour\u00e3o.<\/p>\n<p>A dilig\u00eancia da Pol\u00edcia Federal tem como objetivo tamb\u00e9m identificar outras pessoas que \u201ceventualmente estejam envolvidas na pr\u00e1tica delituosa, bem como materializar outras condutas criminosas do investigado\u201d.<\/p>\n<p>A pena do crime citado prevista na Lei de Seguran\u00e7a Nacional \u00e9 de reclus\u00e3o, de 1 a 4 anos.<\/p>\n<p>&nbsp;<\/p>\n<p>Ag\u00eancia Brasil<\/p>\n","protected":false},"excerpt":{"rendered":"<p>A Pol\u00edcia Federal cumpre na manh\u00e3 de hoje (13), no Rio de Janeiro, um mandado de busca e apreens\u00e3o expedido pela 7\u00aa Vara Federal Criminal&hellip; <\/p>\n","protected":false},"author":1,"featured_media":76086,"comment_status":"closed","ping_status":"closed","sticky":false,"template":"","format":"standard","meta":{"sfsi_plus_gutenberg_text_before_share":"","sfsi_plus_gutenberg_show_text_before_share":"","sfsi_plus_gutenberg_icon_type":"","sfsi_plus_gutenberg_icon_alignemt":"","sfsi_plus_gutenburg_max_per_row":"","footnotes":""},"categories":[11],"tags":[],"class_list":["post-76388","post","type-post","status-publish","format-standard","has-post-thumbnail","hentry","category-politica"],"_links":{"self":[{"href":"https:\/\/www.caririemacao.com\/1\/wp-json\/wp\/v2\/posts\/76388","targetHints":{"allow":["GET"]}}],"collection":[{"href":"https:\/\/www.caririemacao.com\/1\/wp-json\/wp\/v2\/posts"}],"about":[{"href":"https:\/\/www.caririemacao.com\/1\/wp-json\/wp\/v2\/types\/post"}],"author":[{"embeddable":true,"href":"https:\/\/www.caririemacao.com\/1\/wp-json\/wp\/v2\/users\/1"}],"replies":[{"embeddable":true,"href":"https:\/\/www.caririemacao.com\/1\/wp-json\/wp\/v2\/comments?post=76388"}],"version-history":[{"count":1,"href":"https:\/\/www.caririemacao.com\/1\/wp-json\/wp\/v2\/posts\/76388\/revisions"}],"predecessor-version":[{"id":76391,"href":"https:\/\/www.caririemacao.com\/1\/wp-json\/wp\/v2\/posts\/76388\/revisions\/76391"}],"wp:featuredmedia":[{"embeddable":true,"href":"https:\/\/www.caririemacao.com\/1\/wp-json\/wp\/v2\/media\/76086"}],"wp:attachment":[{"href":"https:\/\/www.caririemacao.com\/1\/wp-json\/wp\/v2\/media?parent=76388"}],"wp:term":[{"taxonomy":"category","embeddable":true,"href":"https:\/\/www.caririemacao.com\/1\/wp-json\/wp\/v2\/categories?post=76388"},{"taxonomy":"post_tag","embeddable":true,"href":"https:\/\/www.caririemacao.com\/1\/wp-json\/wp\/v2\/tags?post=76388"}],"curies":[{"name":"wp","href":"https:\/\/api.w.org\/{rel}","templated":true}]}}