{"id":76392,"date":"2018-12-13T09:31:58","date_gmt":"2018-12-13T12:31:58","guid":{"rendered":"http:\/\/www.caririemacao.com\/1\/?p=76392"},"modified":"2018-12-13T09:31:58","modified_gmt":"2018-12-13T12:31:58","slug":"prefeito-solicita-construcao-de-nova-escola-estadual-em-s-s-do-umbuzeiro","status":"publish","type":"post","link":"https:\/\/www.caririemacao.com\/1\/2018\/12\/13\/prefeito-solicita-construcao-de-nova-escola-estadual-em-s-s-do-umbuzeiro\/","title":{"rendered":"Prefeito solicita constru\u00e7\u00e3o de nova escola estadual em S. S. do Umbuzeiro"},"content":{"rendered":"<p>O Prefeito de S\u00e3o Sebasti\u00e3o do Umbuzeiro, Adriano Wolff, se reuniu nesta quarta-feira (12), com o Secret\u00e1rio Executivo de Administra\u00e7\u00e3o de Suprimentos e Log\u00edstica da Educa\u00e7\u00e3o, Arthur Viana Teixeira, em Jo\u00e3o Pessoa. Adriano esteve acompanhado da 1\u00aa dama, Melina Moreno.<\/p>\n<p>Na oportunidade, o gestor encaminhou a solicita\u00e7\u00e3o para constru\u00e7\u00e3o de uma nova Escola Estadual no munic\u00edpio de S\u00e3o Sebasti\u00e3o do Umbuzeiro em 2019.<\/p>\n<p>Adriano disse ainda que o Secret\u00e1rio afirmou que a secretaria iria avaliar a possibilidade da constru\u00e7\u00e3o do Col\u00e9gio, e prometeu empenho no atendimento da demanda.<\/p>\n<p>&nbsp;<\/p>\n<p>Ascom\/SSU<\/p>\n","protected":false},"excerpt":{"rendered":"<p>O Prefeito de S\u00e3o Sebasti\u00e3o do Umbuzeiro, Adriano Wolff, se reuniu nesta quarta-feira (12), com o Secret\u00e1rio Executivo de Administra\u00e7\u00e3o de Suprimentos e Log\u00edstica da&hellip; <\/p>\n","protected":false},"author":1,"featured_media":76393,"comment_status":"closed","ping_status":"closed","sticky":false,"template":"","format":"standard","meta":{"sfsi_plus_gutenberg_text_before_share":"","sfsi_plus_gutenberg_show_text_before_share":"","sfsi_plus_gutenberg_icon_type":"","sfsi_plus_gutenberg_icon_alignemt":"","sfsi_plus_gutenburg_max_per_row":"","footnotes":""},"categories":[6,50],"tags":[],"class_list":["post-76392","post","type-post","status-publish","format-standard","has-post-thumbnail","hentry","category-cidades","category-destaque"],"_links":{"self":[{"href":"https:\/\/www.caririemacao.com\/1\/wp-json\/wp\/v2\/posts\/76392","targetHints":{"allow":["GET"]}}],"collection":[{"href":"https:\/\/www.caririemacao.com\/1\/wp-json\/wp\/v2\/posts"}],"about":[{"href":"https:\/\/www.caririemacao.com\/1\/wp-json\/wp\/v2\/types\/post"}],"author":[{"embeddable":true,"href":"https:\/\/www.caririemacao.com\/1\/wp-json\/wp\/v2\/users\/1"}],"replies":[{"embeddable":true,"href":"https:\/\/www.caririemacao.com\/1\/wp-json\/wp\/v2\/comments?post=76392"}],"version-history":[{"count":1,"href":"https:\/\/www.caririemacao.com\/1\/wp-json\/wp\/v2\/posts\/76392\/revisions"}],"predecessor-version":[{"id":76394,"href":"https:\/\/www.caririemacao.com\/1\/wp-json\/wp\/v2\/posts\/76392\/revisions\/76394"}],"wp:featuredmedia":[{"embeddable":true,"href":"https:\/\/www.caririemacao.com\/1\/wp-json\/wp\/v2\/media\/76393"}],"wp:attachment":[{"href":"https:\/\/www.caririemacao.com\/1\/wp-json\/wp\/v2\/media?parent=76392"}],"wp:term":[{"taxonomy":"category","embeddable":true,"href":"https:\/\/www.caririemacao.com\/1\/wp-json\/wp\/v2\/categories?post=76392"},{"taxonomy":"post_tag","embeddable":true,"href":"https:\/\/www.caririemacao.com\/1\/wp-json\/wp\/v2\/tags?post=76392"}],"curies":[{"name":"wp","href":"https:\/\/api.w.org\/{rel}","templated":true}]}}