{"id":76409,"date":"2018-12-13T11:13:16","date_gmt":"2018-12-13T14:13:16","guid":{"rendered":"http:\/\/www.caririemacao.com\/1\/?p=76409"},"modified":"2018-12-13T11:13:16","modified_gmt":"2018-12-13T14:13:16","slug":"joao-azevedo-e-veneziano-recebem-do-ministerio-turismo-selo-prodetur-turismo-que-garantira-investimentos-de-r-283-milhoes-na-paraiba","status":"publish","type":"post","link":"https:\/\/www.caririemacao.com\/1\/2018\/12\/13\/joao-azevedo-e-veneziano-recebem-do-ministerio-turismo-selo-prodetur-turismo-que-garantira-investimentos-de-r-283-milhoes-na-paraiba\/","title":{"rendered":"Jo\u00e3o Azev\u00eado e Veneziano recebem do Minist\u00e9rio Turismo selo \u2018Prodetur + Turismo\u2019 que garantir\u00e1 investimentos de R$ 283 milh\u00f5es na Para\u00edba"},"content":{"rendered":"<p>O Governador eleito Jo\u00e3o Azevedo esteve na tarde desta quarta-feira (12), na companhia do Deputado Federal e Senador eleito pelo Estado, Veneziano Vital do R\u00eago (PSB) e do Procurador Geral do Estado, Gilberto Carneiro, representando o estado da Para\u00edba, em audi\u00eancia em Bras\u00edlia, com o Ministro do Turismo Vinicius Lummertz. Na oportunidade o Ministro entregou a ambos o selo Prodetur + Turismo, documento este que garante prioridade na an\u00e1lise pelo BNDES dos projetos de R$ 283 milh\u00f5es para investimentos na Para\u00edba, principalmente em infraestrutura tur\u00edstica.<\/p>\n<p>Veneziano que reconhece o turismo como vetor de desenvolvimento, destacou a import\u00e2ncia do ato, pois assegura que o programa apoiar\u00e1 atrav\u00e9s de agentes financeiros como BNDES e o Banco de Desenvolvimento da Am\u00e9rica Latina (CAF) o setor p\u00fablico e iniciativa privada no acesso a recursos de financiamento nacional e internacional na implementa\u00e7\u00e3o de projetos de desenvolvimento e estrutura\u00e7\u00e3o do Turismo.<\/p>\n<div>\u201c\u00c9 o pedido com o maior volume de recursos e tem perspectivas reais de mudar o patamar do turismo no estado da Para\u00edba, que tem um enorme potencial para se firmar entre os principais destinos do Brasil no cen\u00e1rio dom\u00e9stico e internacional. Atrativos n\u00e3o faltam\u201d, disse Vinicius Lummertz, em post nas suas redes sociais. Quem tamb\u00e9m esteve presente na audi\u00eancia foi o Diretor de Intelig\u00eancia Competitiva e Promo\u00e7\u00e3o Tur\u00edstica, da Embratur o paraibano Gilson Lira.<\/div>\n<p>Na entrega do selo, Jo\u00e3o Azev\u00eado destacou a articula\u00e7\u00e3o de parlamentares federais, como Veneziano para tal conquista, bem como o trabalho da equipe do Governo do Estado na elabora\u00e7\u00e3o dos projetos.<\/p>\n","protected":false},"excerpt":{"rendered":"<p>O Governador eleito Jo\u00e3o Azevedo esteve na tarde desta quarta-feira (12), na companhia do Deputado Federal e Senador eleito pelo Estado, Veneziano Vital do R\u00eago&hellip; <\/p>\n","protected":false},"author":1,"featured_media":76429,"comment_status":"closed","ping_status":"closed","sticky":false,"template":"","format":"standard","meta":{"sfsi_plus_gutenberg_text_before_share":"","sfsi_plus_gutenberg_show_text_before_share":"","sfsi_plus_gutenberg_icon_type":"","sfsi_plus_gutenberg_icon_alignemt":"","sfsi_plus_gutenburg_max_per_row":"","footnotes":""},"categories":[11],"tags":[],"class_list":["post-76409","post","type-post","status-publish","format-standard","has-post-thumbnail","hentry","category-politica"],"_links":{"self":[{"href":"https:\/\/www.caririemacao.com\/1\/wp-json\/wp\/v2\/posts\/76409","targetHints":{"allow":["GET"]}}],"collection":[{"href":"https:\/\/www.caririemacao.com\/1\/wp-json\/wp\/v2\/posts"}],"about":[{"href":"https:\/\/www.caririemacao.com\/1\/wp-json\/wp\/v2\/types\/post"}],"author":[{"embeddable":true,"href":"https:\/\/www.caririemacao.com\/1\/wp-json\/wp\/v2\/users\/1"}],"replies":[{"embeddable":true,"href":"https:\/\/www.caririemacao.com\/1\/wp-json\/wp\/v2\/comments?post=76409"}],"version-history":[{"count":1,"href":"https:\/\/www.caririemacao.com\/1\/wp-json\/wp\/v2\/posts\/76409\/revisions"}],"predecessor-version":[{"id":76431,"href":"https:\/\/www.caririemacao.com\/1\/wp-json\/wp\/v2\/posts\/76409\/revisions\/76431"}],"wp:featuredmedia":[{"embeddable":true,"href":"https:\/\/www.caririemacao.com\/1\/wp-json\/wp\/v2\/media\/76429"}],"wp:attachment":[{"href":"https:\/\/www.caririemacao.com\/1\/wp-json\/wp\/v2\/media?parent=76409"}],"wp:term":[{"taxonomy":"category","embeddable":true,"href":"https:\/\/www.caririemacao.com\/1\/wp-json\/wp\/v2\/categories?post=76409"},{"taxonomy":"post_tag","embeddable":true,"href":"https:\/\/www.caririemacao.com\/1\/wp-json\/wp\/v2\/tags?post=76409"}],"curies":[{"name":"wp","href":"https:\/\/api.w.org\/{rel}","templated":true}]}}