{"id":76416,"date":"2018-12-13T10:37:40","date_gmt":"2018-12-13T13:37:40","guid":{"rendered":"http:\/\/www.caririemacao.com\/1\/?p=76416"},"modified":"2018-12-13T10:37:40","modified_gmt":"2018-12-13T13:37:40","slug":"sao-jose-dos-cordeiros-secretaria-de-agricultura-inicia-entrega-de-boletos-do-garantia-safra","status":"publish","type":"post","link":"https:\/\/www.caririemacao.com\/1\/2018\/12\/13\/sao-jose-dos-cordeiros-secretaria-de-agricultura-inicia-entrega-de-boletos-do-garantia-safra\/","title":{"rendered":"S\u00e3o Jos\u00e9 dos Cordeiros: Secretaria de Agricultura inicia entrega de boletos do Garantia Safra"},"content":{"rendered":"<p>A Prefeitura de S\u00e3o Jos\u00e9 dos Cordeiros, por meio da Secretaria de Agricultura, comunica que a partir da pr\u00f3xima segunda-feira, 17 de dezembro, ter\u00e1 in\u00edcio a entrega dos boletos para pagamento do Programa do Garantia Safra 2018\/2019.<\/p>\n<p>Os agricultores dever\u00e3o dirigir-se a Secretaria de Agricultura\/EMATER, portando carteira de Identidade (RG) e CPF do benefici\u00e1rio.<\/p>\n<p>Os benefici\u00e1rios ter\u00e3o efetuar o pagamento at\u00e9 31 de dezembro deste ano.<\/p>\n<p style=\"text-align: right;\"><em><strong>Reda\u00e7\u00e3o Cariri em A\u00e7\u00e3o\u00a0<\/strong><\/em><\/p>\n","protected":false},"excerpt":{"rendered":"<p>A Prefeitura de S\u00e3o Jos\u00e9 dos Cordeiros, por meio da Secretaria de Agricultura, comunica que a partir da pr\u00f3xima segunda-feira, 17 de dezembro, ter\u00e1 in\u00edcio&hellip; <\/p>\n","protected":false},"author":1,"featured_media":26851,"comment_status":"closed","ping_status":"closed","sticky":false,"template":"","format":"standard","meta":{"sfsi_plus_gutenberg_text_before_share":"","sfsi_plus_gutenberg_show_text_before_share":"","sfsi_plus_gutenberg_icon_type":"","sfsi_plus_gutenberg_icon_alignemt":"","sfsi_plus_gutenburg_max_per_row":"","footnotes":""},"categories":[6,50],"tags":[],"class_list":["post-76416","post","type-post","status-publish","format-standard","has-post-thumbnail","hentry","category-cidades","category-destaque"],"_links":{"self":[{"href":"https:\/\/www.caririemacao.com\/1\/wp-json\/wp\/v2\/posts\/76416","targetHints":{"allow":["GET"]}}],"collection":[{"href":"https:\/\/www.caririemacao.com\/1\/wp-json\/wp\/v2\/posts"}],"about":[{"href":"https:\/\/www.caririemacao.com\/1\/wp-json\/wp\/v2\/types\/post"}],"author":[{"embeddable":true,"href":"https:\/\/www.caririemacao.com\/1\/wp-json\/wp\/v2\/users\/1"}],"replies":[{"embeddable":true,"href":"https:\/\/www.caririemacao.com\/1\/wp-json\/wp\/v2\/comments?post=76416"}],"version-history":[{"count":1,"href":"https:\/\/www.caririemacao.com\/1\/wp-json\/wp\/v2\/posts\/76416\/revisions"}],"predecessor-version":[{"id":76417,"href":"https:\/\/www.caririemacao.com\/1\/wp-json\/wp\/v2\/posts\/76416\/revisions\/76417"}],"wp:featuredmedia":[{"embeddable":true,"href":"https:\/\/www.caririemacao.com\/1\/wp-json\/wp\/v2\/media\/26851"}],"wp:attachment":[{"href":"https:\/\/www.caririemacao.com\/1\/wp-json\/wp\/v2\/media?parent=76416"}],"wp:term":[{"taxonomy":"category","embeddable":true,"href":"https:\/\/www.caririemacao.com\/1\/wp-json\/wp\/v2\/categories?post=76416"},{"taxonomy":"post_tag","embeddable":true,"href":"https:\/\/www.caririemacao.com\/1\/wp-json\/wp\/v2\/tags?post=76416"}],"curies":[{"name":"wp","href":"https:\/\/api.w.org\/{rel}","templated":true}]}}