{"id":76423,"date":"2018-12-13T11:12:45","date_gmt":"2018-12-13T14:12:45","guid":{"rendered":"http:\/\/www.caririemacao.com\/1\/?p=76423"},"modified":"2018-12-13T11:12:45","modified_gmt":"2018-12-13T14:12:45","slug":"prefeitura-inaugura-memorial-sao-thome-dos-sucurus","status":"publish","type":"post","link":"https:\/\/www.caririemacao.com\/1\/2018\/12\/13\/prefeitura-inaugura-memorial-sao-thome-dos-sucurus\/","title":{"rendered":"Prefeitura inaugura Memorial S\u00e3o Thom\u00e9 dos Sucurus"},"content":{"rendered":"<p>Visando preservar a mem\u00f3ria e resgatar a hist\u00f3ria do munic\u00edpio, a Prefeitura de Sum\u00e9 criou o Memorial S\u00e3o Thom\u00e9 dos Sucurus, localizado na Pra\u00e7a Adolfo Mayer. A inaugura\u00e7\u00e3o aconteceu no s\u00e1bado, 08 de dezembro.<\/p>\n<p><img fetchpriority=\"high\" decoding=\"async\" class=\"alignnone wp-image-76425 size-full\" src=\"http:\/\/www.caririemacao.com\/1\/wp-content\/uploads\/2018\/12\/DSC_0243.jpg\" alt=\"\" width=\"1024\" height=\"681\" srcset=\"https:\/\/www.caririemacao.com\/1\/wp-content\/uploads\/2018\/12\/DSC_0243.jpg 1024w, https:\/\/www.caririemacao.com\/1\/wp-content\/uploads\/2018\/12\/DSC_0243-300x200.jpg 300w, https:\/\/www.caririemacao.com\/1\/wp-content\/uploads\/2018\/12\/DSC_0243-768x511.jpg 768w\" sizes=\"(max-width: 1024px) 100vw, 1024px\" \/><\/p>\n<p>O presidente do IHGC, professor Daniel Duarte, destacou a sensibiliza\u00e7\u00e3o da gest\u00e3o municipal na cria\u00e7\u00e3o do espa\u00e7o. Ele ainda agradeceu, em especial, ao povo de Sum\u00e9 pelas colabora\u00e7\u00f5es\/doa\u00e7\u00f5es para a concretiza\u00e7\u00e3o do Memorial.<\/p>\n<p>\u201cIsso vai tirar um pouco o d\u00e9bito que n\u00f3s t\u00ednhamos com a hist\u00f3ria do Munic\u00edpio de Sum\u00e9 e servir\u00e1 como um ponto tur\u00edstico, uma refer\u00eancia para a nossa cidade\u201d, falou o prefeito.<\/p>\n<p><img decoding=\"async\" class=\"wp-image-76424 size-full lazyload\" data-src=\"http:\/\/www.caririemacao.com\/1\/wp-content\/uploads\/2018\/12\/DSC_0233.jpg\" alt=\"\" width=\"1024\" height=\"681\" data-srcset=\"https:\/\/www.caririemacao.com\/1\/wp-content\/uploads\/2018\/12\/DSC_0233.jpg 1024w, https:\/\/www.caririemacao.com\/1\/wp-content\/uploads\/2018\/12\/DSC_0233-300x200.jpg 300w, https:\/\/www.caririemacao.com\/1\/wp-content\/uploads\/2018\/12\/DSC_0233-768x511.jpg 768w\" data-sizes=\"(max-width: 1024px) 100vw, 1024px\" src=\"data:image\/svg+xml;base64,PHN2ZyB3aWR0aD0iMSIgaGVpZ2h0PSIxIiB4bWxucz0iaHR0cDovL3d3dy53My5vcmcvMjAwMC9zdmciPjwvc3ZnPg==\" style=\"--smush-placeholder-width: 1024px; --smush-placeholder-aspect-ratio: 1024\/681;\" \/><\/p>\n<p>\u00c9den enalteceu as parcerias das universidades, do Instituto Hist\u00f3rico e Geogr\u00e1fico do Cariri e principalmente da popula\u00e7\u00e3o que pode colaborar, contribuir em prol dessas a\u00e7\u00f5es. \u201cVamos tamb\u00e9m buscar financiamentos junto aos parceiros privados. Ser\u00e1 uma uni\u00e3o de muitas m\u00e3os\u201d, enfatizou o prefeito.<\/p>\n<p>Ap\u00f3s apresenta\u00e7\u00e3o da Filarm\u00f4nica Municipal Maestro Ant\u00f4nio Josu\u00e9 de Lima, sob a reg\u00eancia do maestro Diego Bruno, o p\u00fablico presente, personalidades sumeenses e caririzeiras, foi convidado a entrar no local para conhecer as instala\u00e7\u00f5es e conferir a exposi\u00e7\u00e3o de pe\u00e7as e artefatos de pessoas que marcaram a hist\u00f3ria de Sum\u00e9.<\/p>\n<p>O espa\u00e7o, que servir\u00e1 de ponto tur\u00edstico, ficar\u00e1 aberto diariamente para visita\u00e7\u00e3o.<\/p>\n<figure id=\"attachment_76427\" aria-describedby=\"caption-attachment-76427\" style=\"width: 1024px\" class=\"wp-caption aligncenter\"><img decoding=\"async\" class=\"wp-image-76427 size-full lazyload\" data-src=\"http:\/\/www.caririemacao.com\/1\/wp-content\/uploads\/2018\/12\/DSC_0261-1.jpg\" alt=\"\" width=\"1024\" height=\"681\" data-srcset=\"https:\/\/www.caririemacao.com\/1\/wp-content\/uploads\/2018\/12\/DSC_0261-1.jpg 1024w, https:\/\/www.caririemacao.com\/1\/wp-content\/uploads\/2018\/12\/DSC_0261-1-300x200.jpg 300w, https:\/\/www.caririemacao.com\/1\/wp-content\/uploads\/2018\/12\/DSC_0261-1-768x511.jpg 768w\" data-sizes=\"(max-width: 1024px) 100vw, 1024px\" src=\"data:image\/svg+xml;base64,PHN2ZyB3aWR0aD0iMSIgaGVpZ2h0PSIxIiB4bWxucz0iaHR0cDovL3d3dy53My5vcmcvMjAwMC9zdmciPjwvc3ZnPg==\" style=\"--smush-placeholder-width: 1024px; --smush-placeholder-aspect-ratio: 1024\/681;\" \/><figcaption id=\"caption-attachment-76427\" class=\"wp-caption-text\"><span style=\"font-size: 16px;\">Antes da inaugura\u00e7\u00e3o do Memorial, o Instituto Hist\u00f3rico e Geogr\u00e1fico do Cariri comemorou o seu 13\u00b0 anivers\u00e1rio com solenidade realizada na Creche Anita Garibaldi.<\/span><\/figcaption><\/figure>\n<p>Na ocasi\u00e3o, houve o lan\u00e7amento de alguns livros de autoria de escritores associados ao Instituto e a entrega de alguns t\u00edtulos de s\u00f3cios honor\u00e1rios.<\/p>\n<p>&nbsp;<\/p>\n<p style=\"text-align: right;\"><em><strong>Ascom PMS<\/strong><\/em><\/p>\n","protected":false},"excerpt":{"rendered":"<p>Visando preservar a mem\u00f3ria e resgatar a hist\u00f3ria do munic\u00edpio, a Prefeitura de Sum\u00e9 criou o Memorial S\u00e3o Thom\u00e9 dos Sucurus, localizado na Pra\u00e7a Adolfo&hellip; <\/p>\n","protected":false},"author":1,"featured_media":76426,"comment_status":"closed","ping_status":"closed","sticky":false,"template":"","format":"standard","meta":{"sfsi_plus_gutenberg_text_before_share":"","sfsi_plus_gutenberg_show_text_before_share":"","sfsi_plus_gutenberg_icon_type":"","sfsi_plus_gutenberg_icon_alignemt":"","sfsi_plus_gutenburg_max_per_row":"","footnotes":""},"categories":[14],"tags":[],"class_list":["post-76423","post","type-post","status-publish","format-standard","has-post-thumbnail","hentry","category-educacao"],"_links":{"self":[{"href":"https:\/\/www.caririemacao.com\/1\/wp-json\/wp\/v2\/posts\/76423","targetHints":{"allow":["GET"]}}],"collection":[{"href":"https:\/\/www.caririemacao.com\/1\/wp-json\/wp\/v2\/posts"}],"about":[{"href":"https:\/\/www.caririemacao.com\/1\/wp-json\/wp\/v2\/types\/post"}],"author":[{"embeddable":true,"href":"https:\/\/www.caririemacao.com\/1\/wp-json\/wp\/v2\/users\/1"}],"replies":[{"embeddable":true,"href":"https:\/\/www.caririemacao.com\/1\/wp-json\/wp\/v2\/comments?post=76423"}],"version-history":[{"count":1,"href":"https:\/\/www.caririemacao.com\/1\/wp-json\/wp\/v2\/posts\/76423\/revisions"}],"predecessor-version":[{"id":76430,"href":"https:\/\/www.caririemacao.com\/1\/wp-json\/wp\/v2\/posts\/76423\/revisions\/76430"}],"wp:featuredmedia":[{"embeddable":true,"href":"https:\/\/www.caririemacao.com\/1\/wp-json\/wp\/v2\/media\/76426"}],"wp:attachment":[{"href":"https:\/\/www.caririemacao.com\/1\/wp-json\/wp\/v2\/media?parent=76423"}],"wp:term":[{"taxonomy":"category","embeddable":true,"href":"https:\/\/www.caririemacao.com\/1\/wp-json\/wp\/v2\/categories?post=76423"},{"taxonomy":"post_tag","embeddable":true,"href":"https:\/\/www.caririemacao.com\/1\/wp-json\/wp\/v2\/tags?post=76423"}],"curies":[{"name":"wp","href":"https:\/\/api.w.org\/{rel}","templated":true}]}}