{"id":76432,"date":"2018-12-07T11:14:06","date_gmt":"2018-12-07T14:14:06","guid":{"rendered":"http:\/\/www.caririemacao.com\/1\/?p=76432"},"modified":"2018-12-13T11:17:37","modified_gmt":"2018-12-13T14:17:37","slug":"sume-promoveu-a-semana-do-bebe-com-debates-sobre-os-cuidados-na-primeira-infancia","status":"publish","type":"post","link":"https:\/\/www.caririemacao.com\/1\/2018\/12\/07\/sume-promoveu-a-semana-do-bebe-com-debates-sobre-os-cuidados-na-primeira-infancia\/","title":{"rendered":"Sum\u00e9 promoveu a Semana do Beb\u00ea com debates sobre os cuidados na primeira inf\u00e2ncia"},"content":{"rendered":"<p style=\"font-weight: 400;\">A Prefeitura de Sum\u00e9, por meio da Secretaria de Assist\u00eancia Social, realizou de 03 a 06 de dezembro de 2018, a\u00a0<em>1\u00aa Semana do Beb\u00ea<\/em>, com o tema \u201cTodos pela primeira inf\u00e2ncia\u201d.<\/p>\n<p style=\"font-weight: 400;\">A abertura do evento aconteceu na segunda-feira (3), no audit\u00f3rio do Centro de Refer\u00eancia de Assist\u00eancia Social (CRAS), com roda de conversa sobre os cuidados na primeira inf\u00e2ncia e distribui\u00e7\u00e3o de repelentes para as gestantes.<\/p>\n<p style=\"font-weight: 400;\">A programa\u00e7\u00e3o seguiu at\u00e9 a quinta-feira (6) com a\u00e7\u00f5es\u00a0voltadas \u00e0s gestantes, \u00e0s fam\u00edlias benefici\u00e1rias do Programa Bolsa Fam\u00edlia e do Benef\u00edcio de Presta\u00e7\u00e3o Continuada (BPC).<\/p>\n<p style=\"font-weight: 400;\">Em v\u00e1rias unidades do munic\u00edpio, como o\u00a0CRAS,<em>\u00a0<\/em>unidades de sa\u00fade, creches e Projeto M\u00f4nica, os pais ou respons\u00e1veis por suas crian\u00e7as participaram de palestras sobre sa\u00fade da crian\u00e7a e preven\u00e7\u00e3o de acidentes, al\u00e9m de oficina de conta\u00e7\u00e3o de hist\u00f3ria com a equipe do Programa Crian\u00e7a Feliz.<\/p>\n<p style=\"font-weight: 400;\">As secretarias municipais da Assist\u00eancia Social e Sa\u00fade, Servi\u00e7o de Conviv\u00eancia e Fortalecimento de V\u00ednculos, CRAS, SAMU, NASF, Projeto M\u00f4nica e Programa Crian\u00e7a Feliz estiveram juntos mobilizados em prol da primeira inf\u00e2ncia.<\/p>\n<p style=\"font-weight: 400;\">\n<p style=\"font-weight: 400; text-align: right;\"><em><strong>Ascom PMS<\/strong><\/em><\/p>\n","protected":false},"excerpt":{"rendered":"<p>A Prefeitura de Sum\u00e9, por meio da Secretaria de Assist\u00eancia Social, realizou de 03 a 06 de dezembro de 2018, a\u00a01\u00aa Semana do Beb\u00ea, com&hellip; <\/p>\n","protected":false},"author":1,"featured_media":76433,"comment_status":"closed","ping_status":"closed","sticky":false,"template":"","format":"standard","meta":{"sfsi_plus_gutenberg_text_before_share":"","sfsi_plus_gutenberg_show_text_before_share":"","sfsi_plus_gutenberg_icon_type":"","sfsi_plus_gutenberg_icon_alignemt":"","sfsi_plus_gutenburg_max_per_row":"","footnotes":""},"categories":[16],"tags":[],"class_list":["post-76432","post","type-post","status-publish","format-standard","has-post-thumbnail","hentry","category-saude"],"_links":{"self":[{"href":"https:\/\/www.caririemacao.com\/1\/wp-json\/wp\/v2\/posts\/76432","targetHints":{"allow":["GET"]}}],"collection":[{"href":"https:\/\/www.caririemacao.com\/1\/wp-json\/wp\/v2\/posts"}],"about":[{"href":"https:\/\/www.caririemacao.com\/1\/wp-json\/wp\/v2\/types\/post"}],"author":[{"embeddable":true,"href":"https:\/\/www.caririemacao.com\/1\/wp-json\/wp\/v2\/users\/1"}],"replies":[{"embeddable":true,"href":"https:\/\/www.caririemacao.com\/1\/wp-json\/wp\/v2\/comments?post=76432"}],"version-history":[{"count":1,"href":"https:\/\/www.caririemacao.com\/1\/wp-json\/wp\/v2\/posts\/76432\/revisions"}],"predecessor-version":[{"id":76434,"href":"https:\/\/www.caririemacao.com\/1\/wp-json\/wp\/v2\/posts\/76432\/revisions\/76434"}],"wp:featuredmedia":[{"embeddable":true,"href":"https:\/\/www.caririemacao.com\/1\/wp-json\/wp\/v2\/media\/76433"}],"wp:attachment":[{"href":"https:\/\/www.caririemacao.com\/1\/wp-json\/wp\/v2\/media?parent=76432"}],"wp:term":[{"taxonomy":"category","embeddable":true,"href":"https:\/\/www.caririemacao.com\/1\/wp-json\/wp\/v2\/categories?post=76432"},{"taxonomy":"post_tag","embeddable":true,"href":"https:\/\/www.caririemacao.com\/1\/wp-json\/wp\/v2\/tags?post=76432"}],"curies":[{"name":"wp","href":"https:\/\/api.w.org\/{rel}","templated":true}]}}